{"id":15484,"date":"2020-01-31T20:33:52","date_gmt":"2020-01-31T20:33:52","guid":{"rendered":"http:\/\/blogdorogeriogomes.com.br\/?p=15484"},"modified":"2020-02-03T12:46:24","modified_gmt":"2020-02-03T12:46:24","slug":"governo-empossa-mais-70-agentes-penitenciarios-para-reforcar-sistema-prisional-na-rmf","status":"publish","type":"post","link":"https:\/\/blogdorogeriogomes.com.br\/noticias\/2020\/01\/governo-empossa-mais-70-agentes-penitenciarios-para-reforcar-sistema-prisional-na-rmf\/","title":{"rendered":"Governo empossa mais 70 agentes penitenci\u00e1rios para refor\u00e7ar sistema prisional na RMF"},"content":{"rendered":"\n<p>A segunda turma dos novos agentes penitenci\u00e1rios cearenses, aprovados no \u00faltimo concurso para a Secretaria da Administra\u00e7\u00e3o Penitenci\u00e1ria, tomou posse, nesta sexta-feira, dia 31 de janeiro, em solenidade no Pal\u00e1cio da Aboli\u00e7\u00e3o, em Fortaleza. Tomaram posse&nbsp; nesta sexta-feira mais 70 agentes penitenci\u00e1rios dos 192 que foram convocados pelo governador Camilo Santana, em novembro passado.<br>Outros 65 da mesma turma j\u00e1 foram nomeados. Os novos empossados est\u00e3o sendo distribu\u00eddos em unidades penitenci\u00e1rias da Regi\u00e3o Metropolitana de Fortaleza. Durante a solenidade de posse dos agentes, o governador Camilo Santana confirmou que o novo pres\u00eddio de seguran\u00e7a m\u00e1xima, em constru\u00e7\u00e3o onde era o antigo IPPS, em Itaitinga, ter\u00e1 capacidade para 168 detentos. A entrega deve acontecer em fevereiro.<br> <\/p>\n\n\n\n<figure class=\"wp-block-gallery columns-1 is-cropped wp-block-gallery-1 is-layout-flex wp-block-gallery-is-layout-flex\"><ul class=\"blocks-gallery-grid\"><li class=\"blocks-gallery-item\"><figure><img loading=\"lazy\" decoding=\"async\" width=\"1024\" height=\"684\" src=\"http:\/\/blogdorogeriogomes.com.br\/wp-content\/uploads\/2020\/01\/200131_POSSE-AGENTES-PENITENCIARIOS_MVS5179-1200x801-1-1024x684.jpg\" alt=\"\" data-id=\"15485\" data-full-url=\"http:\/\/blogdorogeriogomes.com.br\/wp-content\/uploads\/2020\/01\/200131_POSSE-AGENTES-PENITENCIARIOS_MVS5179-1200x801-1.jpg\" data-link=\"http:\/\/blogdorogeriogomes.com.br\/?attachment_id=15485\" class=\"wp-image-15485\" srcset=\"https:\/\/blogdorogeriogomes.com.br\/noticias\/wp-content\/uploads\/2020\/01\/200131_POSSE-AGENTES-PENITENCIARIOS_MVS5179-1200x801-1-1024x684.jpg 1024w, https:\/\/blogdorogeriogomes.com.br\/noticias\/wp-content\/uploads\/2020\/01\/200131_POSSE-AGENTES-PENITENCIARIOS_MVS5179-1200x801-1-300x200.jpg 300w, https:\/\/blogdorogeriogomes.com.br\/noticias\/wp-content\/uploads\/2020\/01\/200131_POSSE-AGENTES-PENITENCIARIOS_MVS5179-1200x801-1-768x513.jpg 768w, https:\/\/blogdorogeriogomes.com.br\/noticias\/wp-content\/uploads\/2020\/01\/200131_POSSE-AGENTES-PENITENCIARIOS_MVS5179-1200x801-1-800x534.jpg 800w, https:\/\/blogdorogeriogomes.com.br\/noticias\/wp-content\/uploads\/2020\/01\/200131_POSSE-AGENTES-PENITENCIARIOS_MVS5179-1200x801-1.jpg 1200w\" sizes=\"auto, (max-width: 1024px) 100vw, 1024px\" \/><\/figure><\/li><\/ul><\/figure>\n","protected":false},"excerpt":{"rendered":"<p>A segunda turma dos novos agentes penitenci\u00e1rios cearenses, aprovados no \u00faltimo concurso para a Secretaria da Administra\u00e7\u00e3o Penitenci\u00e1ria, tomou posse, nesta sexta-feira, dia 31 de janeiro, em solenidade no Pal\u00e1cio da Aboli\u00e7\u00e3o, em Fortaleza. Tomaram posse&nbsp; nesta sexta-feira mais 70 agentes penitenci\u00e1rios dos 192 que foram convocados pelo governador Camilo Santana, em novembro passado.Outros 65 da mesma turma j\u00e1 foram nomeados. Os novos empossados est\u00e3o sendo distribu\u00eddos em unidades penitenci\u00e1rias da Regi\u00e3o Metropolitana de Fortaleza. Durante a solenidade de&hellip;<\/p>\n","protected":false},"author":1,"featured_media":15485,"comment_status":"open","ping_status":"open","sticky":false,"template":"","format":"standard","meta":{"footnotes":""},"categories":[1],"tags":[],"class_list":["post-15484","post","type-post","status-publish","format-standard","has-post-thumbnail","hentry","category-noticias"],"_links":{"self":[{"href":"https:\/\/blogdorogeriogomes.com.br\/noticias\/wp-json\/wp\/v2\/posts\/15484","targetHints":{"allow":["GET"]}}],"collection":[{"href":"https:\/\/blogdorogeriogomes.com.br\/noticias\/wp-json\/wp\/v2\/posts"}],"about":[{"href":"https:\/\/blogdorogeriogomes.com.br\/noticias\/wp-json\/wp\/v2\/types\/post"}],"author":[{"embeddable":true,"href":"https:\/\/blogdorogeriogomes.com.br\/noticias\/wp-json\/wp\/v2\/users\/1"}],"replies":[{"embeddable":true,"href":"https:\/\/blogdorogeriogomes.com.br\/noticias\/wp-json\/wp\/v2\/comments?post=15484"}],"version-history":[{"count":2,"href":"https:\/\/blogdorogeriogomes.com.br\/noticias\/wp-json\/wp\/v2\/posts\/15484\/revisions"}],"predecessor-version":[{"id":15503,"href":"https:\/\/blogdorogeriogomes.com.br\/noticias\/wp-json\/wp\/v2\/posts\/15484\/revisions\/15503"}],"wp:featuredmedia":[{"embeddable":true,"href":"https:\/\/blogdorogeriogomes.com.br\/noticias\/wp-json\/wp\/v2\/media\/15485"}],"wp:attachment":[{"href":"https:\/\/blogdorogeriogomes.com.br\/noticias\/wp-json\/wp\/v2\/media?parent=15484"}],"wp:term":[{"taxonomy":"category","embeddable":true,"href":"https:\/\/blogdorogeriogomes.com.br\/noticias\/wp-json\/wp\/v2\/categories?post=15484"},{"taxonomy":"post_tag","embeddable":true,"href":"https:\/\/blogdorogeriogomes.com.br\/noticias\/wp-json\/wp\/v2\/tags?post=15484"}],"curies":[{"name":"wp","href":"https:\/\/api.w.org\/{rel}","templated":true}]}}