{"id":15487,"date":"2020-02-01T09:41:13","date_gmt":"2020-02-01T09:41:13","guid":{"rendered":"http:\/\/blogdorogeriogomes.com.br\/?p=15487"},"modified":"2020-02-03T12:46:28","modified_gmt":"2020-02-03T12:46:28","slug":"secretario-da-sspds-anuncia-que-pacote-de-reajuste-dos-profissionais-da-seguranca-publica-esta-definido","status":"publish","type":"post","link":"https:\/\/blogdorogeriogomes.com.br\/noticias\/2020\/02\/secretario-da-sspds-anuncia-que-pacote-de-reajuste-dos-profissionais-da-seguranca-publica-esta-definido\/","title":{"rendered":"Secret\u00e1rio da SSPDS anuncia que pacote de reajuste dos profissionais da seguran\u00e7a p\u00fablica est\u00e1 definido"},"content":{"rendered":"\n<p>O secret\u00e1rio de Seguran\u00e7a P\u00fablica e Defesa Social, Andr\u00e9 Costa, confirmou que o reajuste salarial dos profissionais de seguran\u00e7a p\u00fablica no Cear\u00e1 est\u00e1 definido. O pacote ser\u00e1 encaminhado para vota\u00e7\u00e3o na Assembleia Legislativa. Segundo Andr\u00e9 Costa, que acertou os \u00faltimos detalhes do pacote em reuni\u00e3o com o governador Camilo Santana, o sal\u00e1rio de um soldado no Cear\u00e1 ficar\u00e1 em torno de R$ 4 mil fixos. O impacto do reajuste sobre o sal\u00e1rio deve come\u00e7ar a ser repassado, a partir de hoje, aos profissionais da seguran\u00e7a.<br> &#8220;Um trabalho \u00e1rduo durante meses para que a gente pudesse alcan\u00e7ar os melhores valores do Cear\u00e1, para que o Estado consiga continuar honrando os seus compromissos em dia e valorizando ao m\u00e1ximo os profissionais&#8221;, destacou Andr\u00e9 Costa, ap\u00f3s a reuni\u00e3o com Camilo Santana.<\/p>\n\n\n\n<figure class=\"wp-block-gallery columns-1 is-cropped wp-block-gallery-1 is-layout-flex wp-block-gallery-is-layout-flex\"><ul class=\"blocks-gallery-grid\"><li class=\"blocks-gallery-item\"><figure><img loading=\"lazy\" decoding=\"async\" width=\"747\" height=\"410\" src=\"http:\/\/blogdorogeriogomes.com.br\/wp-content\/uploads\/2020\/02\/images-2020-02-01T062530.178.jpeg\" alt=\"\" data-id=\"15488\" data-full-url=\"http:\/\/blogdorogeriogomes.com.br\/wp-content\/uploads\/2020\/02\/images-2020-02-01T062530.178.jpeg\" data-link=\"http:\/\/blogdorogeriogomes.com.br\/?attachment_id=15488\" class=\"wp-image-15488\" srcset=\"https:\/\/blogdorogeriogomes.com.br\/noticias\/wp-content\/uploads\/2020\/02\/images-2020-02-01T062530.178.jpeg 747w, https:\/\/blogdorogeriogomes.com.br\/noticias\/wp-content\/uploads\/2020\/02\/images-2020-02-01T062530.178-300x165.jpeg 300w\" sizes=\"auto, (max-width: 747px) 100vw, 747px\" \/><\/figure><\/li><\/ul><\/figure>\n","protected":false},"excerpt":{"rendered":"<p>O secret\u00e1rio de Seguran\u00e7a P\u00fablica e Defesa Social, Andr\u00e9 Costa, confirmou que o reajuste salarial dos profissionais de seguran\u00e7a p\u00fablica no Cear\u00e1 est\u00e1 definido. O pacote ser\u00e1 encaminhado para vota\u00e7\u00e3o na Assembleia Legislativa. Segundo Andr\u00e9 Costa, que acertou os \u00faltimos detalhes do pacote em reuni\u00e3o com o governador Camilo Santana, o sal\u00e1rio de um soldado no Cear\u00e1 ficar\u00e1 em torno de R$ 4 mil fixos. O impacto do reajuste sobre o sal\u00e1rio deve come\u00e7ar a ser repassado, a partir&hellip;<\/p>\n","protected":false},"author":1,"featured_media":15488,"comment_status":"open","ping_status":"open","sticky":false,"template":"","format":"standard","meta":{"footnotes":""},"categories":[1],"tags":[],"class_list":["post-15487","post","type-post","status-publish","format-standard","has-post-thumbnail","hentry","category-noticias"],"_links":{"self":[{"href":"https:\/\/blogdorogeriogomes.com.br\/noticias\/wp-json\/wp\/v2\/posts\/15487","targetHints":{"allow":["GET"]}}],"collection":[{"href":"https:\/\/blogdorogeriogomes.com.br\/noticias\/wp-json\/wp\/v2\/posts"}],"about":[{"href":"https:\/\/blogdorogeriogomes.com.br\/noticias\/wp-json\/wp\/v2\/types\/post"}],"author":[{"embeddable":true,"href":"https:\/\/blogdorogeriogomes.com.br\/noticias\/wp-json\/wp\/v2\/users\/1"}],"replies":[{"embeddable":true,"href":"https:\/\/blogdorogeriogomes.com.br\/noticias\/wp-json\/wp\/v2\/comments?post=15487"}],"version-history":[{"count":1,"href":"https:\/\/blogdorogeriogomes.com.br\/noticias\/wp-json\/wp\/v2\/posts\/15487\/revisions"}],"predecessor-version":[{"id":15489,"href":"https:\/\/blogdorogeriogomes.com.br\/noticias\/wp-json\/wp\/v2\/posts\/15487\/revisions\/15489"}],"wp:featuredmedia":[{"embeddable":true,"href":"https:\/\/blogdorogeriogomes.com.br\/noticias\/wp-json\/wp\/v2\/media\/15488"}],"wp:attachment":[{"href":"https:\/\/blogdorogeriogomes.com.br\/noticias\/wp-json\/wp\/v2\/media?parent=15487"}],"wp:term":[{"taxonomy":"category","embeddable":true,"href":"https:\/\/blogdorogeriogomes.com.br\/noticias\/wp-json\/wp\/v2\/categories?post=15487"},{"taxonomy":"post_tag","embeddable":true,"href":"https:\/\/blogdorogeriogomes.com.br\/noticias\/wp-json\/wp\/v2\/tags?post=15487"}],"curies":[{"name":"wp","href":"https:\/\/api.w.org\/{rel}","templated":true}]}}