{"id":15493,"date":"2020-02-02T11:01:04","date_gmt":"2020-02-02T11:01:04","guid":{"rendered":"http:\/\/blogdorogeriogomes.com.br\/?p=15493"},"modified":"2020-02-03T12:44:44","modified_gmt":"2020-02-03T12:44:44","slug":"prefeituras-do-interior-do-ceara-se-movimentam-para-realizar-festas-do-carnaval-2020","status":"publish","type":"post","link":"https:\/\/blogdorogeriogomes.com.br\/noticias\/2020\/02\/prefeituras-do-interior-do-ceara-se-movimentam-para-realizar-festas-do-carnaval-2020\/","title":{"rendered":"Prefeituras do interior do Cear\u00e1 se movimentam para realizar festas do Carnaval 2020"},"content":{"rendered":"\n<p>Al\u00e9m de Fortaleza, que j\u00e1 confirmou sua programa\u00e7\u00e3o do Carnaval 2020, as prefeituras de munic\u00edpios do interior do Cear\u00e1 se movimentam para realizar suas festas. Seja em parceria com a iniciativa privada ou mesmo contando apenas com verbas p\u00fablicas. Os argumentos s\u00e3o incrementar o turismo e esquentar a economia no com\u00e9rcio das cidades.<br>\nEsta semana, o Portal da Transpar\u00eancia indicava a movimenta\u00e7\u00e3o de pelo menos 23 munic\u00edpios cearenses para promover festas carnavalescas, como s\u00e3o os casos de Aracati, S\u00e3o Benedito, Cascavel, Beberibe, Vi\u00e7osa do Cear\u00e1, Acara\u00fa, V\u00e1rzea Alegre, Quixad\u00e1, Acopiara, Pacoti e Camocim. Devido \u00e0s preocupa\u00e7\u00f5es com a quadra chuvosa e consequentes preju\u00edzos que possam a vir, as prefeituras de Granja e Ubajara j\u00e1 anunciaram o cancelamento das festas de Carnaval.<\/p>\n\n\n\n<figure class=\"wp-block-gallery columns-1 is-cropped wp-block-gallery-1 is-layout-flex wp-block-gallery-is-layout-flex\"><ul class=\"blocks-gallery-grid\"><li class=\"blocks-gallery-item\"><figure><img loading=\"lazy\" decoding=\"async\" width=\"678\" height=\"452\" src=\"http:\/\/blogdorogeriogomes.com.br\/wp-content\/uploads\/2020\/02\/IMG_20200202_075343_919.jpg\" alt=\"\" data-id=\"15494\" data-full-url=\"http:\/\/blogdorogeriogomes.com.br\/wp-content\/uploads\/2020\/02\/IMG_20200202_075343_919.jpg\" data-link=\"http:\/\/blogdorogeriogomes.com.br\/?attachment_id=15494\" class=\"wp-image-15494\" srcset=\"https:\/\/blogdorogeriogomes.com.br\/noticias\/wp-content\/uploads\/2020\/02\/IMG_20200202_075343_919.jpg 678w, https:\/\/blogdorogeriogomes.com.br\/noticias\/wp-content\/uploads\/2020\/02\/IMG_20200202_075343_919-300x200.jpg 300w\" sizes=\"auto, (max-width: 678px) 100vw, 678px\" \/><\/figure><\/li><\/ul><\/figure>\n","protected":false},"excerpt":{"rendered":"<p>Al\u00e9m de Fortaleza, que j\u00e1 confirmou sua programa\u00e7\u00e3o do Carnaval 2020, as prefeituras de munic\u00edpios do interior do Cear\u00e1 se movimentam para realizar suas festas. Seja em parceria com a iniciativa privada ou mesmo contando apenas com verbas p\u00fablicas. Os argumentos s\u00e3o incrementar o turismo e esquentar a economia no com\u00e9rcio das cidades. Esta semana, o Portal da Transpar\u00eancia indicava a movimenta\u00e7\u00e3o de pelo menos 23 munic\u00edpios cearenses para promover festas carnavalescas, como s\u00e3o os casos de Aracati, S\u00e3o&hellip;<\/p>\n","protected":false},"author":1,"featured_media":15494,"comment_status":"open","ping_status":"open","sticky":false,"template":"","format":"standard","meta":{"footnotes":""},"categories":[1],"tags":[],"class_list":["post-15493","post","type-post","status-publish","format-standard","has-post-thumbnail","hentry","category-noticias"],"_links":{"self":[{"href":"https:\/\/blogdorogeriogomes.com.br\/noticias\/wp-json\/wp\/v2\/posts\/15493","targetHints":{"allow":["GET"]}}],"collection":[{"href":"https:\/\/blogdorogeriogomes.com.br\/noticias\/wp-json\/wp\/v2\/posts"}],"about":[{"href":"https:\/\/blogdorogeriogomes.com.br\/noticias\/wp-json\/wp\/v2\/types\/post"}],"author":[{"embeddable":true,"href":"https:\/\/blogdorogeriogomes.com.br\/noticias\/wp-json\/wp\/v2\/users\/1"}],"replies":[{"embeddable":true,"href":"https:\/\/blogdorogeriogomes.com.br\/noticias\/wp-json\/wp\/v2\/comments?post=15493"}],"version-history":[{"count":1,"href":"https:\/\/blogdorogeriogomes.com.br\/noticias\/wp-json\/wp\/v2\/posts\/15493\/revisions"}],"predecessor-version":[{"id":15495,"href":"https:\/\/blogdorogeriogomes.com.br\/noticias\/wp-json\/wp\/v2\/posts\/15493\/revisions\/15495"}],"wp:featuredmedia":[{"embeddable":true,"href":"https:\/\/blogdorogeriogomes.com.br\/noticias\/wp-json\/wp\/v2\/media\/15494"}],"wp:attachment":[{"href":"https:\/\/blogdorogeriogomes.com.br\/noticias\/wp-json\/wp\/v2\/media?parent=15493"}],"wp:term":[{"taxonomy":"category","embeddable":true,"href":"https:\/\/blogdorogeriogomes.com.br\/noticias\/wp-json\/wp\/v2\/categories?post=15493"},{"taxonomy":"post_tag","embeddable":true,"href":"https:\/\/blogdorogeriogomes.com.br\/noticias\/wp-json\/wp\/v2\/tags?post=15493"}],"curies":[{"name":"wp","href":"https:\/\/api.w.org\/{rel}","templated":true}]}}