{"id":15497,"date":"2020-02-03T09:05:16","date_gmt":"2020-02-03T09:05:16","guid":{"rendered":"http:\/\/blogdorogeriogomes.com.br\/?p=15497"},"modified":"2020-02-03T12:44:40","modified_gmt":"2020-02-03T12:44:40","slug":"vereadores-de-fortaleza-iniciam-primeiro-semestre-de-2020-de-olho-nas-eleicoes-municipais","status":"publish","type":"post","link":"https:\/\/blogdorogeriogomes.com.br\/noticias\/2020\/02\/vereadores-de-fortaleza-iniciam-primeiro-semestre-de-2020-de-olho-nas-eleicoes-municipais\/","title":{"rendered":"Vereadores de Fortaleza iniciam primeiro semestre de 2020 de olho nas elei\u00e7\u00f5es municipais"},"content":{"rendered":"\n<p>A C\u00e2mara Municipal de Fortaleza inicia os trabalhos legislativos do primeiro semestre nesta segunda-feira, dia 3 de fevereiro. A primeira sess\u00e3o do ano tem a presen\u00e7a do prefeito Roberto Claudio (PDT), que apresentar\u00e1 o planejamento para os projetos priorit\u00e1rios da Prefeitura de Fortaleza para 2020.<br>\nEntre os temas previstos para dominar as sess\u00f5es deste ano est\u00e3o as elei\u00e7\u00f5es municipais no segundo semestre. A maioria dos vereadores da Capital vai buscar a reelei\u00e7\u00e3o. Com a proibi\u00e7\u00e3o das coliga\u00e7\u00f5es partid\u00e1rias no pleito deste ano, tem muito parlamentar preocupado em n\u00e3o conseguir um novo mandato.<\/p>\n\n\n\n<figure class=\"wp-block-gallery columns-1 is-cropped wp-block-gallery-1 is-layout-flex wp-block-gallery-is-layout-flex\"><ul class=\"blocks-gallery-grid\"><li class=\"blocks-gallery-item\"><figure><img loading=\"lazy\" decoding=\"async\" width=\"1024\" height=\"576\" src=\"http:\/\/blogdorogeriogomes.com.br\/wp-content\/uploads\/2020\/02\/IMG_20200203_060024_991-1024x576.jpg\" alt=\"\" data-id=\"15498\" data-full-url=\"http:\/\/blogdorogeriogomes.com.br\/wp-content\/uploads\/2020\/02\/IMG_20200203_060024_991-scaled.jpg\" data-link=\"http:\/\/blogdorogeriogomes.com.br\/?attachment_id=15498\" class=\"wp-image-15498\" srcset=\"https:\/\/blogdorogeriogomes.com.br\/noticias\/wp-content\/uploads\/2020\/02\/IMG_20200203_060024_991-1024x576.jpg 1024w, https:\/\/blogdorogeriogomes.com.br\/noticias\/wp-content\/uploads\/2020\/02\/IMG_20200203_060024_991-300x169.jpg 300w, https:\/\/blogdorogeriogomes.com.br\/noticias\/wp-content\/uploads\/2020\/02\/IMG_20200203_060024_991-768x432.jpg 768w, https:\/\/blogdorogeriogomes.com.br\/noticias\/wp-content\/uploads\/2020\/02\/IMG_20200203_060024_991-1536x864.jpg 1536w, https:\/\/blogdorogeriogomes.com.br\/noticias\/wp-content\/uploads\/2020\/02\/IMG_20200203_060024_991-2048x1152.jpg 2048w, https:\/\/blogdorogeriogomes.com.br\/noticias\/wp-content\/uploads\/2020\/02\/IMG_20200203_060024_991-800x450.jpg 800w\" sizes=\"auto, (max-width: 1024px) 100vw, 1024px\" \/><\/figure><\/li><\/ul><\/figure>\n","protected":false},"excerpt":{"rendered":"<p>A C\u00e2mara Municipal de Fortaleza inicia os trabalhos legislativos do primeiro semestre nesta segunda-feira, dia 3 de fevereiro. A primeira sess\u00e3o do ano tem a presen\u00e7a do prefeito Roberto Claudio (PDT), que apresentar\u00e1 o planejamento para os projetos priorit\u00e1rios da Prefeitura de Fortaleza para 2020. Entre os temas previstos para dominar as sess\u00f5es deste ano est\u00e3o as elei\u00e7\u00f5es municipais no segundo semestre. A maioria dos vereadores da Capital vai buscar a reelei\u00e7\u00e3o. Com a proibi\u00e7\u00e3o das coliga\u00e7\u00f5es partid\u00e1rias no&hellip;<\/p>\n","protected":false},"author":1,"featured_media":15498,"comment_status":"open","ping_status":"open","sticky":false,"template":"","format":"standard","meta":{"footnotes":""},"categories":[1],"tags":[],"class_list":["post-15497","post","type-post","status-publish","format-standard","has-post-thumbnail","hentry","category-noticias"],"_links":{"self":[{"href":"https:\/\/blogdorogeriogomes.com.br\/noticias\/wp-json\/wp\/v2\/posts\/15497","targetHints":{"allow":["GET"]}}],"collection":[{"href":"https:\/\/blogdorogeriogomes.com.br\/noticias\/wp-json\/wp\/v2\/posts"}],"about":[{"href":"https:\/\/blogdorogeriogomes.com.br\/noticias\/wp-json\/wp\/v2\/types\/post"}],"author":[{"embeddable":true,"href":"https:\/\/blogdorogeriogomes.com.br\/noticias\/wp-json\/wp\/v2\/users\/1"}],"replies":[{"embeddable":true,"href":"https:\/\/blogdorogeriogomes.com.br\/noticias\/wp-json\/wp\/v2\/comments?post=15497"}],"version-history":[{"count":1,"href":"https:\/\/blogdorogeriogomes.com.br\/noticias\/wp-json\/wp\/v2\/posts\/15497\/revisions"}],"predecessor-version":[{"id":15499,"href":"https:\/\/blogdorogeriogomes.com.br\/noticias\/wp-json\/wp\/v2\/posts\/15497\/revisions\/15499"}],"wp:featuredmedia":[{"embeddable":true,"href":"https:\/\/blogdorogeriogomes.com.br\/noticias\/wp-json\/wp\/v2\/media\/15498"}],"wp:attachment":[{"href":"https:\/\/blogdorogeriogomes.com.br\/noticias\/wp-json\/wp\/v2\/media?parent=15497"}],"wp:term":[{"taxonomy":"category","embeddable":true,"href":"https:\/\/blogdorogeriogomes.com.br\/noticias\/wp-json\/wp\/v2\/categories?post=15497"},{"taxonomy":"post_tag","embeddable":true,"href":"https:\/\/blogdorogeriogomes.com.br\/noticias\/wp-json\/wp\/v2\/tags?post=15497"}],"curies":[{"name":"wp","href":"https:\/\/api.w.org\/{rel}","templated":true}]}}