{"id":15500,"date":"2020-02-03T09:24:54","date_gmt":"2020-02-03T09:24:54","guid":{"rendered":"http:\/\/blogdorogeriogomes.com.br\/?p=15500"},"modified":"2020-02-03T12:44:37","modified_gmt":"2020-02-03T12:44:37","slug":"projetos-de-reestruturacao-salarial-de-servidores-publicos-devem-ser-primeira-pauta-dos-deputados-estaduais-na-al","status":"publish","type":"post","link":"https:\/\/blogdorogeriogomes.com.br\/noticias\/2020\/02\/projetos-de-reestruturacao-salarial-de-servidores-publicos-devem-ser-primeira-pauta-dos-deputados-estaduais-na-al\/","title":{"rendered":"Projetos de reestrutura\u00e7\u00e3o salarial de servidores p\u00fablicos devem ser primeira pauta dos deputados estaduais na AL"},"content":{"rendered":"\n<p>Os deputados estaduais tamb\u00e9m voltam a trabalhar nesta segunda-feira, dia 3 de fevereiro. O governador Camilo Santana ir\u00e1 a Assembleia Legislativa para a leitura da mensagem governamental de 2020, onde ele tra\u00e7a um panorama de investimentos do Executivo para este ano. Nos pr\u00f3ximos meses, a Assembleia j\u00e1 deve se debru\u00e7ar no pacote de projetos de lei que envolvem a reestrutura\u00e7\u00e3o salarial de servidores p\u00fablicos da sa\u00fade e da seguran\u00e7a.<br>\nO presidente da AL, Jos\u00e9 Sarto, tamb\u00e9m destaca pautas importantes para o primeiro semestre, como a atualiza\u00e7\u00e3o do Regimento Interno, reestrutura\u00e7\u00e3o e moderniza\u00e7\u00e3o administrativa da Casa. Projetos como o Pacto pelo Saneamento B\u00e1sico, Mundo Azul, para o atendimento de crian\u00e7as com autismo e o II Festival de M\u00fasica da AL tamb\u00e9m ganham espa\u00e7o na pauta do Legislativo.<\/p>\n\n\n\n<figure class=\"wp-block-gallery columns-1 is-cropped wp-block-gallery-1 is-layout-flex wp-block-gallery-is-layout-flex\"><ul class=\"blocks-gallery-grid\"><li class=\"blocks-gallery-item\"><figure><img loading=\"lazy\" decoding=\"async\" width=\"400\" height=\"267\" src=\"http:\/\/blogdorogeriogomes.com.br\/wp-content\/uploads\/2020\/02\/IMG_20200203_061657_983.jpg\" alt=\"\" data-id=\"15501\" data-full-url=\"http:\/\/blogdorogeriogomes.com.br\/wp-content\/uploads\/2020\/02\/IMG_20200203_061657_983.jpg\" data-link=\"http:\/\/blogdorogeriogomes.com.br\/?attachment_id=15501\" class=\"wp-image-15501\" srcset=\"https:\/\/blogdorogeriogomes.com.br\/noticias\/wp-content\/uploads\/2020\/02\/IMG_20200203_061657_983.jpg 400w, https:\/\/blogdorogeriogomes.com.br\/noticias\/wp-content\/uploads\/2020\/02\/IMG_20200203_061657_983-300x200.jpg 300w\" sizes=\"auto, (max-width: 400px) 100vw, 400px\" \/><\/figure><\/li><\/ul><\/figure>\n","protected":false},"excerpt":{"rendered":"<p>Os deputados estaduais tamb\u00e9m voltam a trabalhar nesta segunda-feira, dia 3 de fevereiro. O governador Camilo Santana ir\u00e1 a Assembleia Legislativa para a leitura da mensagem governamental de 2020, onde ele tra\u00e7a um panorama de investimentos do Executivo para este ano. Nos pr\u00f3ximos meses, a Assembleia j\u00e1 deve se debru\u00e7ar no pacote de projetos de lei que envolvem a reestrutura\u00e7\u00e3o salarial de servidores p\u00fablicos da sa\u00fade e da seguran\u00e7a. O presidente da AL, Jos\u00e9 Sarto, tamb\u00e9m destaca pautas importantes&hellip;<\/p>\n","protected":false},"author":1,"featured_media":15501,"comment_status":"open","ping_status":"open","sticky":false,"template":"","format":"standard","meta":{"footnotes":""},"categories":[1],"tags":[],"class_list":["post-15500","post","type-post","status-publish","format-standard","has-post-thumbnail","hentry","category-noticias"],"_links":{"self":[{"href":"https:\/\/blogdorogeriogomes.com.br\/noticias\/wp-json\/wp\/v2\/posts\/15500","targetHints":{"allow":["GET"]}}],"collection":[{"href":"https:\/\/blogdorogeriogomes.com.br\/noticias\/wp-json\/wp\/v2\/posts"}],"about":[{"href":"https:\/\/blogdorogeriogomes.com.br\/noticias\/wp-json\/wp\/v2\/types\/post"}],"author":[{"embeddable":true,"href":"https:\/\/blogdorogeriogomes.com.br\/noticias\/wp-json\/wp\/v2\/users\/1"}],"replies":[{"embeddable":true,"href":"https:\/\/blogdorogeriogomes.com.br\/noticias\/wp-json\/wp\/v2\/comments?post=15500"}],"version-history":[{"count":1,"href":"https:\/\/blogdorogeriogomes.com.br\/noticias\/wp-json\/wp\/v2\/posts\/15500\/revisions"}],"predecessor-version":[{"id":15502,"href":"https:\/\/blogdorogeriogomes.com.br\/noticias\/wp-json\/wp\/v2\/posts\/15500\/revisions\/15502"}],"wp:featuredmedia":[{"embeddable":true,"href":"https:\/\/blogdorogeriogomes.com.br\/noticias\/wp-json\/wp\/v2\/media\/15501"}],"wp:attachment":[{"href":"https:\/\/blogdorogeriogomes.com.br\/noticias\/wp-json\/wp\/v2\/media?parent=15500"}],"wp:term":[{"taxonomy":"category","embeddable":true,"href":"https:\/\/blogdorogeriogomes.com.br\/noticias\/wp-json\/wp\/v2\/categories?post=15500"},{"taxonomy":"post_tag","embeddable":true,"href":"https:\/\/blogdorogeriogomes.com.br\/noticias\/wp-json\/wp\/v2\/tags?post=15500"}],"curies":[{"name":"wp","href":"https:\/\/api.w.org\/{rel}","templated":true}]}}