{"id":15504,"date":"2020-02-03T20:08:01","date_gmt":"2020-02-03T20:08:01","guid":{"rendered":"http:\/\/blogdorogeriogomes.com.br\/?p=15504"},"modified":"2020-02-04T10:40:17","modified_gmt":"2020-02-04T10:40:17","slug":"servidores-municipais-de-fortaleza-terao-431-de-reajuste-salarial-retroativo-a-janeiro","status":"publish","type":"post","link":"https:\/\/blogdorogeriogomes.com.br\/noticias\/2020\/02\/servidores-municipais-de-fortaleza-terao-431-de-reajuste-salarial-retroativo-a-janeiro\/","title":{"rendered":"Servidores municipais de Fortaleza ter\u00e3o 4,31% de reajuste salarial retroativo a janeiro"},"content":{"rendered":"\n<p>Durante pronunciamento na C\u00e2mara Municipal de Fortaleza, o prefeito Roberto Cl\u00e1udio confirmou o reajuste de 4,31% para os servidores municipais em 2020. A mensagem foi enviada nesta segunda-feira, dia 3 de fevereiro para an\u00e1lise do Legislativo Municipal. O aumento salarial ser\u00e1 retroativo a janeiro.<br>\nRoberto Cl\u00e1udio adiantou ainda que negocia um reajuste diferenciado para a categoria de professores, que fazem uma pedida de 12% de aumento. RC diz que o di\u00e1logo est\u00e1 aberto com a categoria.<\/p>\n\n\n\n<figure class=\"wp-block-gallery columns-1 is-cropped wp-block-gallery-1 is-layout-flex wp-block-gallery-is-layout-flex\"><ul class=\"blocks-gallery-grid\"><li class=\"blocks-gallery-item\"><figure><img loading=\"lazy\" decoding=\"async\" width=\"1024\" height=\"683\" src=\"http:\/\/blogdorogeriogomes.com.br\/wp-content\/uploads\/2020\/02\/Abertura-atividade-Camara-Municipal-0302_Marcos-Moura-1024x683.jpeg\" alt=\"\" data-id=\"15505\" data-full-url=\"http:\/\/blogdorogeriogomes.com.br\/wp-content\/uploads\/2020\/02\/Abertura-atividade-Camara-Municipal-0302_Marcos-Moura-scaled.jpeg\" data-link=\"http:\/\/blogdorogeriogomes.com.br\/?attachment_id=15505\" class=\"wp-image-15505\" srcset=\"https:\/\/blogdorogeriogomes.com.br\/noticias\/wp-content\/uploads\/2020\/02\/Abertura-atividade-Camara-Municipal-0302_Marcos-Moura-1024x683.jpeg 1024w, https:\/\/blogdorogeriogomes.com.br\/noticias\/wp-content\/uploads\/2020\/02\/Abertura-atividade-Camara-Municipal-0302_Marcos-Moura-300x200.jpeg 300w, https:\/\/blogdorogeriogomes.com.br\/noticias\/wp-content\/uploads\/2020\/02\/Abertura-atividade-Camara-Municipal-0302_Marcos-Moura-768x512.jpeg 768w, https:\/\/blogdorogeriogomes.com.br\/noticias\/wp-content\/uploads\/2020\/02\/Abertura-atividade-Camara-Municipal-0302_Marcos-Moura-1536x1024.jpeg 1536w, https:\/\/blogdorogeriogomes.com.br\/noticias\/wp-content\/uploads\/2020\/02\/Abertura-atividade-Camara-Municipal-0302_Marcos-Moura-2048x1365.jpeg 2048w, https:\/\/blogdorogeriogomes.com.br\/noticias\/wp-content\/uploads\/2020\/02\/Abertura-atividade-Camara-Municipal-0302_Marcos-Moura-800x533.jpeg 800w\" sizes=\"auto, (max-width: 1024px) 100vw, 1024px\" \/><\/figure><\/li><\/ul><\/figure>\n","protected":false},"excerpt":{"rendered":"<p>Durante pronunciamento na C\u00e2mara Municipal de Fortaleza, o prefeito Roberto Cl\u00e1udio confirmou o reajuste de 4,31% para os servidores municipais em 2020. A mensagem foi enviada nesta segunda-feira, dia 3 de fevereiro para an\u00e1lise do Legislativo Municipal. O aumento salarial ser\u00e1 retroativo a janeiro. Roberto Cl\u00e1udio adiantou ainda que negocia um reajuste diferenciado para a categoria de professores, que fazem uma pedida de 12% de aumento. RC diz que o di\u00e1logo est\u00e1 aberto com a categoria.<\/p>\n","protected":false},"author":1,"featured_media":15505,"comment_status":"open","ping_status":"open","sticky":false,"template":"","format":"standard","meta":{"footnotes":""},"categories":[1],"tags":[],"class_list":["post-15504","post","type-post","status-publish","format-standard","has-post-thumbnail","hentry","category-noticias"],"_links":{"self":[{"href":"https:\/\/blogdorogeriogomes.com.br\/noticias\/wp-json\/wp\/v2\/posts\/15504","targetHints":{"allow":["GET"]}}],"collection":[{"href":"https:\/\/blogdorogeriogomes.com.br\/noticias\/wp-json\/wp\/v2\/posts"}],"about":[{"href":"https:\/\/blogdorogeriogomes.com.br\/noticias\/wp-json\/wp\/v2\/types\/post"}],"author":[{"embeddable":true,"href":"https:\/\/blogdorogeriogomes.com.br\/noticias\/wp-json\/wp\/v2\/users\/1"}],"replies":[{"embeddable":true,"href":"https:\/\/blogdorogeriogomes.com.br\/noticias\/wp-json\/wp\/v2\/comments?post=15504"}],"version-history":[{"count":1,"href":"https:\/\/blogdorogeriogomes.com.br\/noticias\/wp-json\/wp\/v2\/posts\/15504\/revisions"}],"predecessor-version":[{"id":15506,"href":"https:\/\/blogdorogeriogomes.com.br\/noticias\/wp-json\/wp\/v2\/posts\/15504\/revisions\/15506"}],"wp:featuredmedia":[{"embeddable":true,"href":"https:\/\/blogdorogeriogomes.com.br\/noticias\/wp-json\/wp\/v2\/media\/15505"}],"wp:attachment":[{"href":"https:\/\/blogdorogeriogomes.com.br\/noticias\/wp-json\/wp\/v2\/media?parent=15504"}],"wp:term":[{"taxonomy":"category","embeddable":true,"href":"https:\/\/blogdorogeriogomes.com.br\/noticias\/wp-json\/wp\/v2\/categories?post=15504"},{"taxonomy":"post_tag","embeddable":true,"href":"https:\/\/blogdorogeriogomes.com.br\/noticias\/wp-json\/wp\/v2\/tags?post=15504"}],"curies":[{"name":"wp","href":"https:\/\/api.w.org\/{rel}","templated":true}]}}