{"id":15507,"date":"2020-02-03T20:28:53","date_gmt":"2020-02-03T20:28:53","guid":{"rendered":"http:\/\/blogdorogeriogomes.com.br\/?p=15507"},"modified":"2020-02-04T10:39:58","modified_gmt":"2020-02-04T10:39:58","slug":"bolsonaro-dispara-contra-governadores-do-nordeste-que-nao-aderiram-ao-projeto-de-colegios-militares","status":"publish","type":"post","link":"https:\/\/blogdorogeriogomes.com.br\/noticias\/2020\/02\/bolsonaro-dispara-contra-governadores-do-nordeste-que-nao-aderiram-ao-projeto-de-colegios-militares\/","title":{"rendered":"Bolsonaro dispara contra governadores do Nordeste que n\u00e3o aderiram ao projeto de col\u00e9gios militares"},"content":{"rendered":"\n<p>O presidente Jair Bolsonaro voltou a atacar governadores do Nordeste. Oito dos nove governadores nordestinos decidiram n\u00e3o aderir \u00e0 iniciativa do Minist\u00e9rio da Educa\u00e7\u00e3o (MEC) para a instala\u00e7\u00e3o de col\u00e9gios militares na regi\u00e3o.  &#8220;Se quiserem seguir formando militantes e desinformando, tudo bem&#8221;, disse Bolsonaro em discurso nesta segunda-feira, dia 3 de fevereiro.<br>\nO governador do Maranh\u00e3o, Fl\u00e1vio Dino, respondeu a provoca\u00e7\u00e3o do Presidente da Rep\u00fablica. &#8220;Aqui no Maranh\u00e3o n\u00e3o &#8216;inauguramos&#8217; pedra fundamental de escola. Aqui a gente inaugura escola. Pronta. Temos cerca de 1.000 obras educacionais. Centenas de escolas novas. Ou seja, enquanto uns gritam e tentam chamar aten\u00e7\u00e3o com confus\u00e3o, estamos trabalhando com seriedade&#8221;, escreveu o governador no Twitter.<br>\nO ataque de Bolsonaro vem no mesmo dia em que o governador do Maranh\u00e3o anunciou que novo piso salarial para professores que trabalham 40 horas semanais nas escolas do Estado ser\u00e1 de R$ 6.358,96, mais que o dobro do piso nacional (R$ 2.886,240).<\/p>\n\n\n\n<figure class=\"wp-block-gallery columns-1 is-cropped wp-block-gallery-1 is-layout-flex wp-block-gallery-is-layout-flex\"><ul class=\"blocks-gallery-grid\"><li class=\"blocks-gallery-item\"><figure><img loading=\"lazy\" decoding=\"async\" width=\"640\" height=\"390\" src=\"http:\/\/blogdorogeriogomes.com.br\/wp-content\/uploads\/2020\/02\/images-2020-02-03T172416.646.jpeg\" alt=\"\" data-id=\"15508\" data-full-url=\"http:\/\/blogdorogeriogomes.com.br\/wp-content\/uploads\/2020\/02\/images-2020-02-03T172416.646.jpeg\" data-link=\"http:\/\/blogdorogeriogomes.com.br\/?attachment_id=15508\" class=\"wp-image-15508\" srcset=\"https:\/\/blogdorogeriogomes.com.br\/noticias\/wp-content\/uploads\/2020\/02\/images-2020-02-03T172416.646.jpeg 640w, https:\/\/blogdorogeriogomes.com.br\/noticias\/wp-content\/uploads\/2020\/02\/images-2020-02-03T172416.646-300x183.jpeg 300w\" sizes=\"auto, (max-width: 640px) 100vw, 640px\" \/><\/figure><\/li><\/ul><\/figure>\n","protected":false},"excerpt":{"rendered":"<p>O presidente Jair Bolsonaro voltou a atacar governadores do Nordeste. Oito dos nove governadores nordestinos decidiram n\u00e3o aderir \u00e0 iniciativa do Minist\u00e9rio da Educa\u00e7\u00e3o (MEC) para a instala\u00e7\u00e3o de col\u00e9gios militares na regi\u00e3o. &#8220;Se quiserem seguir formando militantes e desinformando, tudo bem&#8221;, disse Bolsonaro em discurso nesta segunda-feira, dia 3 de fevereiro. O governador do Maranh\u00e3o, Fl\u00e1vio Dino, respondeu a provoca\u00e7\u00e3o do Presidente da Rep\u00fablica. &#8220;Aqui no Maranh\u00e3o n\u00e3o &#8216;inauguramos&#8217; pedra fundamental de escola. Aqui a gente inaugura escola.&hellip;<\/p>\n","protected":false},"author":1,"featured_media":15508,"comment_status":"open","ping_status":"open","sticky":false,"template":"","format":"standard","meta":{"footnotes":""},"categories":[1],"tags":[],"class_list":["post-15507","post","type-post","status-publish","format-standard","has-post-thumbnail","hentry","category-noticias"],"_links":{"self":[{"href":"https:\/\/blogdorogeriogomes.com.br\/noticias\/wp-json\/wp\/v2\/posts\/15507","targetHints":{"allow":["GET"]}}],"collection":[{"href":"https:\/\/blogdorogeriogomes.com.br\/noticias\/wp-json\/wp\/v2\/posts"}],"about":[{"href":"https:\/\/blogdorogeriogomes.com.br\/noticias\/wp-json\/wp\/v2\/types\/post"}],"author":[{"embeddable":true,"href":"https:\/\/blogdorogeriogomes.com.br\/noticias\/wp-json\/wp\/v2\/users\/1"}],"replies":[{"embeddable":true,"href":"https:\/\/blogdorogeriogomes.com.br\/noticias\/wp-json\/wp\/v2\/comments?post=15507"}],"version-history":[{"count":1,"href":"https:\/\/blogdorogeriogomes.com.br\/noticias\/wp-json\/wp\/v2\/posts\/15507\/revisions"}],"predecessor-version":[{"id":15509,"href":"https:\/\/blogdorogeriogomes.com.br\/noticias\/wp-json\/wp\/v2\/posts\/15507\/revisions\/15509"}],"wp:featuredmedia":[{"embeddable":true,"href":"https:\/\/blogdorogeriogomes.com.br\/noticias\/wp-json\/wp\/v2\/media\/15508"}],"wp:attachment":[{"href":"https:\/\/blogdorogeriogomes.com.br\/noticias\/wp-json\/wp\/v2\/media?parent=15507"}],"wp:term":[{"taxonomy":"category","embeddable":true,"href":"https:\/\/blogdorogeriogomes.com.br\/noticias\/wp-json\/wp\/v2\/categories?post=15507"},{"taxonomy":"post_tag","embeddable":true,"href":"https:\/\/blogdorogeriogomes.com.br\/noticias\/wp-json\/wp\/v2\/tags?post=15507"}],"curies":[{"name":"wp","href":"https:\/\/api.w.org\/{rel}","templated":true}]}}