{"id":15516,"date":"2020-02-04T14:24:54","date_gmt":"2020-02-04T14:24:54","guid":{"rendered":"http:\/\/blogdorogeriogomes.com.br\/?p=15516"},"modified":"2020-02-05T22:31:02","modified_gmt":"2020-02-05T22:31:02","slug":"gilberto-gil-e-uma-das-atracoes-do-carnaval-de-fortaleza-2020","status":"publish","type":"post","link":"https:\/\/blogdorogeriogomes.com.br\/noticias\/2020\/02\/gilberto-gil-e-uma-das-atracoes-do-carnaval-de-fortaleza-2020\/","title":{"rendered":"Gilberto Gil \u00e9 uma das atra\u00e7\u00f5es do Carnaval de Fortaleza 2020"},"content":{"rendered":"\n<p>O cantor Gilberto Gil ser\u00e1 uma das atra\u00e7\u00f5es do Carnaval de Fortaleza 2020, promovido pela Prefeitura da Capital, no per\u00edodo entre 21 e 25 de fevereiro. Tamb\u00e9m est\u00e3o confirmadas atra\u00e7\u00f5es nacionais como Lenine, Bloco do Silva, BaianaSystem e Mart\u2019n\u00e1lia.<br>\nHaver\u00e1 festa gratuita em 10 p\u00f3los oficiais: Aterrinho da Praia de Iracema, Benfica, Mercado da Aerol\u00e2ndia, Mercado dos Pinh\u00f5es, Mercado S\u00e3o Sebasti\u00e3o, Mocinha, Domingos Ol\u00edmpio, Pra\u00e7a Figueira de Melo (infantil), Horto Florestal Municipal Falconete Fialho (infantil) e Largo dos Trememb\u00e9s (Estoril).<\/p>\n\n\n\n<figure class=\"wp-block-gallery columns-1 is-cropped wp-block-gallery-1 is-layout-flex wp-block-gallery-is-layout-flex\"><ul class=\"blocks-gallery-grid\"><li class=\"blocks-gallery-item\"><figure><img loading=\"lazy\" decoding=\"async\" width=\"738\" height=\"415\" src=\"http:\/\/blogdorogeriogomes.com.br\/wp-content\/uploads\/2020\/02\/images-2020-02-04T111658.150.jpeg\" alt=\"\" data-id=\"15517\" data-full-url=\"http:\/\/blogdorogeriogomes.com.br\/wp-content\/uploads\/2020\/02\/images-2020-02-04T111658.150.jpeg\" data-link=\"http:\/\/blogdorogeriogomes.com.br\/?attachment_id=15517\" class=\"wp-image-15517\" srcset=\"https:\/\/blogdorogeriogomes.com.br\/noticias\/wp-content\/uploads\/2020\/02\/images-2020-02-04T111658.150.jpeg 738w, https:\/\/blogdorogeriogomes.com.br\/noticias\/wp-content\/uploads\/2020\/02\/images-2020-02-04T111658.150-300x169.jpeg 300w\" sizes=\"auto, (max-width: 738px) 100vw, 738px\" \/><\/figure><\/li><\/ul><\/figure>\n","protected":false},"excerpt":{"rendered":"<p>O cantor Gilberto Gil ser\u00e1 uma das atra\u00e7\u00f5es do Carnaval de Fortaleza 2020, promovido pela Prefeitura da Capital, no per\u00edodo entre 21 e 25 de fevereiro. Tamb\u00e9m est\u00e3o confirmadas atra\u00e7\u00f5es nacionais como Lenine, Bloco do Silva, BaianaSystem e Mart\u2019n\u00e1lia. Haver\u00e1 festa gratuita em 10 p\u00f3los oficiais: Aterrinho da Praia de Iracema, Benfica, Mercado da Aerol\u00e2ndia, Mercado dos Pinh\u00f5es, Mercado S\u00e3o Sebasti\u00e3o, Mocinha, Domingos Ol\u00edmpio, Pra\u00e7a Figueira de Melo (infantil), Horto Florestal Municipal Falconete Fialho (infantil) e Largo dos Trememb\u00e9s&hellip;<\/p>\n","protected":false},"author":1,"featured_media":15517,"comment_status":"open","ping_status":"open","sticky":false,"template":"","format":"standard","meta":{"footnotes":""},"categories":[1],"tags":[],"class_list":["post-15516","post","type-post","status-publish","format-standard","has-post-thumbnail","hentry","category-noticias"],"_links":{"self":[{"href":"https:\/\/blogdorogeriogomes.com.br\/noticias\/wp-json\/wp\/v2\/posts\/15516","targetHints":{"allow":["GET"]}}],"collection":[{"href":"https:\/\/blogdorogeriogomes.com.br\/noticias\/wp-json\/wp\/v2\/posts"}],"about":[{"href":"https:\/\/blogdorogeriogomes.com.br\/noticias\/wp-json\/wp\/v2\/types\/post"}],"author":[{"embeddable":true,"href":"https:\/\/blogdorogeriogomes.com.br\/noticias\/wp-json\/wp\/v2\/users\/1"}],"replies":[{"embeddable":true,"href":"https:\/\/blogdorogeriogomes.com.br\/noticias\/wp-json\/wp\/v2\/comments?post=15516"}],"version-history":[{"count":1,"href":"https:\/\/blogdorogeriogomes.com.br\/noticias\/wp-json\/wp\/v2\/posts\/15516\/revisions"}],"predecessor-version":[{"id":15518,"href":"https:\/\/blogdorogeriogomes.com.br\/noticias\/wp-json\/wp\/v2\/posts\/15516\/revisions\/15518"}],"wp:featuredmedia":[{"embeddable":true,"href":"https:\/\/blogdorogeriogomes.com.br\/noticias\/wp-json\/wp\/v2\/media\/15517"}],"wp:attachment":[{"href":"https:\/\/blogdorogeriogomes.com.br\/noticias\/wp-json\/wp\/v2\/media?parent=15516"}],"wp:term":[{"taxonomy":"category","embeddable":true,"href":"https:\/\/blogdorogeriogomes.com.br\/noticias\/wp-json\/wp\/v2\/categories?post=15516"},{"taxonomy":"post_tag","embeddable":true,"href":"https:\/\/blogdorogeriogomes.com.br\/noticias\/wp-json\/wp\/v2\/tags?post=15516"}],"curies":[{"name":"wp","href":"https:\/\/api.w.org\/{rel}","templated":true}]}}