{"id":15519,"date":"2020-02-04T20:46:29","date_gmt":"2020-02-04T20:46:29","guid":{"rendered":"http:\/\/blogdorogeriogomes.com.br\/?p=15519"},"modified":"2020-02-05T22:30:50","modified_gmt":"2020-02-05T22:30:50","slug":"coronel-da-pm-assume-secretaria-de-seguranca-cidada-apos-exoneracao-de-antonio-azevedo","status":"publish","type":"post","link":"https:\/\/blogdorogeriogomes.com.br\/noticias\/2020\/02\/coronel-da-pm-assume-secretaria-de-seguranca-cidada-apos-exoneracao-de-antonio-azevedo\/","title":{"rendered":"Coronel da PM assume Secretaria de Seguran\u00e7a Cidad\u00e3 ap\u00f3s exonera\u00e7\u00e3o de Ant\u00f4nio Azevedo"},"content":{"rendered":"\n<p>A atitude de invadir o plen\u00e1rio da C\u00e2mara Municipal de Fortaleza em plena sess\u00e3o desta ter\u00e7a-feira, dia 4 de fevereiro, resultou na exonera\u00e7\u00e3o do ent\u00e3o secret\u00e1rio de Seguran\u00e7a Cidad\u00e3 do Munic\u00edpio, Ant\u00f4nio Azevedo. A decis\u00e3o foi tomada ap\u00f3s reuni\u00e3o entre o ex-secret\u00e1rio, o presidente da C\u00e2mara, Ant\u00f4nio Henrique, e o prefeito Roberto Cl\u00e1udio.<br>\nAnt\u00f4nio Azevedo invadiu o plen\u00e1rio ap\u00f3s ser acusado pelo vereador M\u00e1rcio Cruz de prestar servi\u00e7os como advogado a organiza\u00e7\u00f5es criminosas. Azevedo estava no&nbsp;cargo desde janeiro de 2017.<br>\nEm nota, a&nbsp;Prefeitura de Fortaleza anunciou que o novo titular da pasta \u00e9 o coronel PM Jos\u00e9 Maria Barbosa Soares.<\/p>\n\n\n\n<figure class=\"wp-block-gallery columns-1 is-cropped wp-block-gallery-1 is-layout-flex wp-block-gallery-is-layout-flex\"><ul class=\"blocks-gallery-grid\"><li class=\"blocks-gallery-item\"><figure><img loading=\"lazy\" decoding=\"async\" width=\"764\" height=\"440\" src=\"http:\/\/blogdorogeriogomes.com.br\/wp-content\/uploads\/2020\/02\/antonio-azevedo.jpg\" alt=\"\" data-id=\"15520\" data-full-url=\"http:\/\/blogdorogeriogomes.com.br\/wp-content\/uploads\/2020\/02\/antonio-azevedo.jpg\" data-link=\"http:\/\/blogdorogeriogomes.com.br\/?attachment_id=15520\" class=\"wp-image-15520\" srcset=\"https:\/\/blogdorogeriogomes.com.br\/noticias\/wp-content\/uploads\/2020\/02\/antonio-azevedo.jpg 764w, https:\/\/blogdorogeriogomes.com.br\/noticias\/wp-content\/uploads\/2020\/02\/antonio-azevedo-300x173.jpg 300w\" sizes=\"auto, (max-width: 764px) 100vw, 764px\" \/><\/figure><\/li><\/ul><\/figure>\n","protected":false},"excerpt":{"rendered":"<p>A atitude de invadir o plen\u00e1rio da C\u00e2mara Municipal de Fortaleza em plena sess\u00e3o desta ter\u00e7a-feira, dia 4 de fevereiro, resultou na exonera\u00e7\u00e3o do ent\u00e3o secret\u00e1rio de Seguran\u00e7a Cidad\u00e3 do Munic\u00edpio, Ant\u00f4nio Azevedo. A decis\u00e3o foi tomada ap\u00f3s reuni\u00e3o entre o ex-secret\u00e1rio, o presidente da C\u00e2mara, Ant\u00f4nio Henrique, e o prefeito Roberto Cl\u00e1udio. Ant\u00f4nio Azevedo invadiu o plen\u00e1rio ap\u00f3s ser acusado pelo vereador M\u00e1rcio Cruz de prestar servi\u00e7os como advogado a organiza\u00e7\u00f5es criminosas. Azevedo estava no&nbsp;cargo desde janeiro de&hellip;<\/p>\n","protected":false},"author":1,"featured_media":15520,"comment_status":"open","ping_status":"open","sticky":false,"template":"","format":"standard","meta":{"footnotes":""},"categories":[1],"tags":[],"class_list":["post-15519","post","type-post","status-publish","format-standard","has-post-thumbnail","hentry","category-noticias"],"_links":{"self":[{"href":"https:\/\/blogdorogeriogomes.com.br\/noticias\/wp-json\/wp\/v2\/posts\/15519","targetHints":{"allow":["GET"]}}],"collection":[{"href":"https:\/\/blogdorogeriogomes.com.br\/noticias\/wp-json\/wp\/v2\/posts"}],"about":[{"href":"https:\/\/blogdorogeriogomes.com.br\/noticias\/wp-json\/wp\/v2\/types\/post"}],"author":[{"embeddable":true,"href":"https:\/\/blogdorogeriogomes.com.br\/noticias\/wp-json\/wp\/v2\/users\/1"}],"replies":[{"embeddable":true,"href":"https:\/\/blogdorogeriogomes.com.br\/noticias\/wp-json\/wp\/v2\/comments?post=15519"}],"version-history":[{"count":1,"href":"https:\/\/blogdorogeriogomes.com.br\/noticias\/wp-json\/wp\/v2\/posts\/15519\/revisions"}],"predecessor-version":[{"id":15521,"href":"https:\/\/blogdorogeriogomes.com.br\/noticias\/wp-json\/wp\/v2\/posts\/15519\/revisions\/15521"}],"wp:featuredmedia":[{"embeddable":true,"href":"https:\/\/blogdorogeriogomes.com.br\/noticias\/wp-json\/wp\/v2\/media\/15520"}],"wp:attachment":[{"href":"https:\/\/blogdorogeriogomes.com.br\/noticias\/wp-json\/wp\/v2\/media?parent=15519"}],"wp:term":[{"taxonomy":"category","embeddable":true,"href":"https:\/\/blogdorogeriogomes.com.br\/noticias\/wp-json\/wp\/v2\/categories?post=15519"},{"taxonomy":"post_tag","embeddable":true,"href":"https:\/\/blogdorogeriogomes.com.br\/noticias\/wp-json\/wp\/v2\/tags?post=15519"}],"curies":[{"name":"wp","href":"https:\/\/api.w.org\/{rel}","templated":true}]}}