{"id":15522,"date":"2020-02-05T07:58:03","date_gmt":"2020-02-05T07:58:03","guid":{"rendered":"http:\/\/blogdorogeriogomes.com.br\/?p=15522"},"modified":"2020-02-05T22:30:42","modified_gmt":"2020-02-05T22:30:42","slug":"pf-abre-inquerito-e-apura-denuncia-contra-secretario-de-comunicacao-da-presidencia-da-republica","status":"publish","type":"post","link":"https:\/\/blogdorogeriogomes.com.br\/noticias\/2020\/02\/pf-abre-inquerito-e-apura-denuncia-contra-secretario-de-comunicacao-da-presidencia-da-republica\/","title":{"rendered":"PF abre inqu\u00e9rito e apura den\u00fancia contra secret\u00e1rio de Comunica\u00e7\u00e3o da Presid\u00eancia da Rep\u00fablica"},"content":{"rendered":"\n<p>A Pol\u00edcia Federal abriu inqu\u00e9rito para investigar suspeitas sobre o chefe da Secom (Secretaria de Comunica\u00e7\u00e3o Social da Presid\u00eancia da Rep\u00fablica), Fabio Wajngarten. Em nota, o secret\u00e1rio diz que a abertura de inqu\u00e9rito pela Pol\u00edcia Federal para investigar suspeitas de irregularidades sobre ele ser\u00e1 uma oportunidade de provar que n\u00e3o cometeu qualquer irregularidade.<br>\nA medida atende a um pedido feito na semana passada pelo MPF (Minist\u00e9rio P\u00fablico Federal), em Bras\u00edlia, ap\u00f3s den\u00fancias feitas pela Folha de S. Paulo. O objetivo \u00e9 apurar supostas pr\u00e1ticas de corrup\u00e7\u00e3o passiva, peculato (desvio de recursos por agente p\u00fablico) e advocacia administrativa (patroc\u00ednio de interesses privados na administra\u00e7\u00e3o p\u00fablica).<br>\nA investiga\u00e7\u00e3o ficar\u00e1 a cargo da Superintend\u00eancia da PF em Bras\u00edlia. Wajngarten \u00e9 s\u00f3cio de uma empresa, a FW Comunica\u00e7\u00e3o, que recebe dinheiro de emissoras de TV e de ag\u00eancias contratadas pela pr\u00f3pria Secom.<\/p>\n\n\n\n<figure class=\"wp-block-gallery columns-1 is-cropped wp-block-gallery-1 is-layout-flex wp-block-gallery-is-layout-flex\"><ul class=\"blocks-gallery-grid\"><li class=\"blocks-gallery-item\"><figure><img loading=\"lazy\" decoding=\"async\" width=\"450\" height=\"600\" src=\"http:\/\/blogdorogeriogomes.com.br\/wp-content\/uploads\/2020\/02\/fabio-wajngarten-1580847173195_v2_450x600.jpg\" alt=\"\" data-id=\"15523\" data-full-url=\"http:\/\/blogdorogeriogomes.com.br\/wp-content\/uploads\/2020\/02\/fabio-wajngarten-1580847173195_v2_450x600.jpg\" data-link=\"http:\/\/blogdorogeriogomes.com.br\/?attachment_id=15523\" class=\"wp-image-15523\" srcset=\"https:\/\/blogdorogeriogomes.com.br\/noticias\/wp-content\/uploads\/2020\/02\/fabio-wajngarten-1580847173195_v2_450x600.jpg 450w, https:\/\/blogdorogeriogomes.com.br\/noticias\/wp-content\/uploads\/2020\/02\/fabio-wajngarten-1580847173195_v2_450x600-225x300.jpg 225w\" sizes=\"auto, (max-width: 450px) 100vw, 450px\" \/><\/figure><\/li><\/ul><\/figure>\n","protected":false},"excerpt":{"rendered":"<p>A Pol\u00edcia Federal abriu inqu\u00e9rito para investigar suspeitas sobre o chefe da Secom (Secretaria de Comunica\u00e7\u00e3o Social da Presid\u00eancia da Rep\u00fablica), Fabio Wajngarten. Em nota, o secret\u00e1rio diz que a abertura de inqu\u00e9rito pela Pol\u00edcia Federal para investigar suspeitas de irregularidades sobre ele ser\u00e1 uma oportunidade de provar que n\u00e3o cometeu qualquer irregularidade. A medida atende a um pedido feito na semana passada pelo MPF (Minist\u00e9rio P\u00fablico Federal), em Bras\u00edlia, ap\u00f3s den\u00fancias feitas pela Folha de S. Paulo. O&hellip;<\/p>\n","protected":false},"author":1,"featured_media":15523,"comment_status":"open","ping_status":"open","sticky":false,"template":"","format":"standard","meta":{"footnotes":""},"categories":[1],"tags":[],"class_list":["post-15522","post","type-post","status-publish","format-standard","has-post-thumbnail","hentry","category-noticias"],"_links":{"self":[{"href":"https:\/\/blogdorogeriogomes.com.br\/noticias\/wp-json\/wp\/v2\/posts\/15522","targetHints":{"allow":["GET"]}}],"collection":[{"href":"https:\/\/blogdorogeriogomes.com.br\/noticias\/wp-json\/wp\/v2\/posts"}],"about":[{"href":"https:\/\/blogdorogeriogomes.com.br\/noticias\/wp-json\/wp\/v2\/types\/post"}],"author":[{"embeddable":true,"href":"https:\/\/blogdorogeriogomes.com.br\/noticias\/wp-json\/wp\/v2\/users\/1"}],"replies":[{"embeddable":true,"href":"https:\/\/blogdorogeriogomes.com.br\/noticias\/wp-json\/wp\/v2\/comments?post=15522"}],"version-history":[{"count":1,"href":"https:\/\/blogdorogeriogomes.com.br\/noticias\/wp-json\/wp\/v2\/posts\/15522\/revisions"}],"predecessor-version":[{"id":15524,"href":"https:\/\/blogdorogeriogomes.com.br\/noticias\/wp-json\/wp\/v2\/posts\/15522\/revisions\/15524"}],"wp:featuredmedia":[{"embeddable":true,"href":"https:\/\/blogdorogeriogomes.com.br\/noticias\/wp-json\/wp\/v2\/media\/15523"}],"wp:attachment":[{"href":"https:\/\/blogdorogeriogomes.com.br\/noticias\/wp-json\/wp\/v2\/media?parent=15522"}],"wp:term":[{"taxonomy":"category","embeddable":true,"href":"https:\/\/blogdorogeriogomes.com.br\/noticias\/wp-json\/wp\/v2\/categories?post=15522"},{"taxonomy":"post_tag","embeddable":true,"href":"https:\/\/blogdorogeriogomes.com.br\/noticias\/wp-json\/wp\/v2\/tags?post=15522"}],"curies":[{"name":"wp","href":"https:\/\/api.w.org\/{rel}","templated":true}]}}