{"id":15525,"date":"2020-02-05T08:06:51","date_gmt":"2020-02-05T08:06:51","guid":{"rendered":"http:\/\/blogdorogeriogomes.com.br\/?p=15525"},"modified":"2020-02-05T22:30:32","modified_gmt":"2020-02-05T22:30:32","slug":"governador-reune-base-aliada-na-al-para-explicar-o-plano-de-reajuste-salarial-da-seguranca-publica","status":"publish","type":"post","link":"https:\/\/blogdorogeriogomes.com.br\/noticias\/2020\/02\/governador-reune-base-aliada-na-al-para-explicar-o-plano-de-reajuste-salarial-da-seguranca-publica\/","title":{"rendered":"Governador re\u00fane base aliada na AL para explicar o plano de reajuste salarial da seguran\u00e7a p\u00fablica"},"content":{"rendered":"\n<p>Em busca de explicar o plano de reajuste salarial dos profissionais da seguran\u00e7a p\u00fablica, o governador Camilo Santana reuniu nesta ter\u00e7a-feira, dia 4 de fevereiro, cerca de 30 deputados estaduais da base aliada, no Pal\u00e1cio da Aboli\u00e7\u00e3o. Camilo destacou os investimentos em pessoal na \u00e1rea, bem como os esfor\u00e7os desde 2015 para atender os anseios da categoria e os impactos financeiros dessas medidas ao longo dos anos. Nos \u00faltimos cinco anos, o Estado teve um incremento de um R$ 1,2 bilh\u00e3o (86%) na folha salarial s\u00f3 com profissionais da Pol\u00edcia Militar, Corpo de Bombeiros, Per\u00edcia Forense (Pefoce) e Pol\u00edcia Civil \u2013 Em 2014, o investimento foi R$ 1,36 bilh\u00e3o. Em 2019, foi R$ 2,54 bilh\u00f5es.<br>\nA nova reestrutura\u00e7\u00e3o das carreiras dos servidores dos \u00f3rg\u00e3os de seguran\u00e7a p\u00fablica vai demandar um investimento de R$ 440 milh\u00f5es nos pr\u00f3ximos tr\u00eas anos. \u201cPromovi 20 mil homens e mulheres nesses cinco anos. N\u00e3o existe um estado dessa Federa\u00e7\u00e3o que tenha uma lei de promo\u00e7\u00f5es como o Cear\u00e1\u201d, disse o governador.<\/p>\n\n\n\n<figure class=\"wp-block-gallery columns-1 is-cropped wp-block-gallery-1 is-layout-flex wp-block-gallery-is-layout-flex\"><ul class=\"blocks-gallery-grid\"><li class=\"blocks-gallery-item\"><figure><img loading=\"lazy\" decoding=\"async\" width=\"1024\" height=\"684\" src=\"http:\/\/blogdorogeriogomes.com.br\/wp-content\/uploads\/2020\/02\/CGM2436-1200x802-1-1024x684.jpg\" alt=\"\" data-id=\"15526\" data-full-url=\"http:\/\/blogdorogeriogomes.com.br\/wp-content\/uploads\/2020\/02\/CGM2436-1200x802-1.jpg\" data-link=\"http:\/\/blogdorogeriogomes.com.br\/?attachment_id=15526\" class=\"wp-image-15526\" srcset=\"https:\/\/blogdorogeriogomes.com.br\/noticias\/wp-content\/uploads\/2020\/02\/CGM2436-1200x802-1-1024x684.jpg 1024w, https:\/\/blogdorogeriogomes.com.br\/noticias\/wp-content\/uploads\/2020\/02\/CGM2436-1200x802-1-300x201.jpg 300w, https:\/\/blogdorogeriogomes.com.br\/noticias\/wp-content\/uploads\/2020\/02\/CGM2436-1200x802-1-768x513.jpg 768w, https:\/\/blogdorogeriogomes.com.br\/noticias\/wp-content\/uploads\/2020\/02\/CGM2436-1200x802-1-800x535.jpg 800w, https:\/\/blogdorogeriogomes.com.br\/noticias\/wp-content\/uploads\/2020\/02\/CGM2436-1200x802-1.jpg 1200w\" sizes=\"auto, (max-width: 1024px) 100vw, 1024px\" \/><\/figure><\/li><\/ul><\/figure>\n","protected":false},"excerpt":{"rendered":"<p>Em busca de explicar o plano de reajuste salarial dos profissionais da seguran\u00e7a p\u00fablica, o governador Camilo Santana reuniu nesta ter\u00e7a-feira, dia 4 de fevereiro, cerca de 30 deputados estaduais da base aliada, no Pal\u00e1cio da Aboli\u00e7\u00e3o. Camilo destacou os investimentos em pessoal na \u00e1rea, bem como os esfor\u00e7os desde 2015 para atender os anseios da categoria e os impactos financeiros dessas medidas ao longo dos anos. Nos \u00faltimos cinco anos, o Estado teve um incremento de um R$&hellip;<\/p>\n","protected":false},"author":1,"featured_media":15526,"comment_status":"open","ping_status":"open","sticky":false,"template":"","format":"standard","meta":{"footnotes":""},"categories":[1],"tags":[],"class_list":["post-15525","post","type-post","status-publish","format-standard","has-post-thumbnail","hentry","category-noticias"],"_links":{"self":[{"href":"https:\/\/blogdorogeriogomes.com.br\/noticias\/wp-json\/wp\/v2\/posts\/15525","targetHints":{"allow":["GET"]}}],"collection":[{"href":"https:\/\/blogdorogeriogomes.com.br\/noticias\/wp-json\/wp\/v2\/posts"}],"about":[{"href":"https:\/\/blogdorogeriogomes.com.br\/noticias\/wp-json\/wp\/v2\/types\/post"}],"author":[{"embeddable":true,"href":"https:\/\/blogdorogeriogomes.com.br\/noticias\/wp-json\/wp\/v2\/users\/1"}],"replies":[{"embeddable":true,"href":"https:\/\/blogdorogeriogomes.com.br\/noticias\/wp-json\/wp\/v2\/comments?post=15525"}],"version-history":[{"count":1,"href":"https:\/\/blogdorogeriogomes.com.br\/noticias\/wp-json\/wp\/v2\/posts\/15525\/revisions"}],"predecessor-version":[{"id":15527,"href":"https:\/\/blogdorogeriogomes.com.br\/noticias\/wp-json\/wp\/v2\/posts\/15525\/revisions\/15527"}],"wp:featuredmedia":[{"embeddable":true,"href":"https:\/\/blogdorogeriogomes.com.br\/noticias\/wp-json\/wp\/v2\/media\/15526"}],"wp:attachment":[{"href":"https:\/\/blogdorogeriogomes.com.br\/noticias\/wp-json\/wp\/v2\/media?parent=15525"}],"wp:term":[{"taxonomy":"category","embeddable":true,"href":"https:\/\/blogdorogeriogomes.com.br\/noticias\/wp-json\/wp\/v2\/categories?post=15525"},{"taxonomy":"post_tag","embeddable":true,"href":"https:\/\/blogdorogeriogomes.com.br\/noticias\/wp-json\/wp\/v2\/tags?post=15525"}],"curies":[{"name":"wp","href":"https:\/\/api.w.org\/{rel}","templated":true}]}}