{"id":15528,"date":"2020-02-05T19:57:52","date_gmt":"2020-02-05T19:57:52","guid":{"rendered":"http:\/\/blogdorogeriogomes.com.br\/?p=15528"},"modified":"2020-02-05T22:30:24","modified_gmt":"2020-02-05T22:30:24","slug":"funceme-preve-mais-cenarios-de-chuvas-por-todo-o-ceara-nesta-quinta-feira","status":"publish","type":"post","link":"https:\/\/blogdorogeriogomes.com.br\/noticias\/2020\/02\/funceme-preve-mais-cenarios-de-chuvas-por-todo-o-ceara-nesta-quinta-feira\/","title":{"rendered":"Funceme prev\u00ea mais cen\u00e1rios de chuvas por todo o Cear\u00e1 nesta quinta-feira"},"content":{"rendered":"\n<p>A Funceme prev\u00ea para esta quinta-feira, dia 6 de fevereiro, em todas as regi\u00f5es do Cear\u00e1 um cen\u00e1rio favor\u00e1vel para chuvas, principalmente na faixa litor\u00e2nea, Maci\u00e7o de Baturit\u00e9 e Regi\u00e3o da Ibiapaba. Nas \u00faltimas 48 horas choveu em pelo menos 163 munic\u00edpios cearenses, com destaque para Cedro, com 119mm, Paraipaba, com 105mm, e Trairi, com 105mm. <br>\nFortaleza e Regi\u00e3o Metropolitana tamb\u00e9m registraram chuvas fortes com v\u00e1rios pontos de alagamento, nesta quarta-feira, dia 5 de fevereiro. O acumulado desde a madrugada chegou a 46 mil\u00edmetros.<br>\nFevereiro \u00e9 o primeiro m\u00eas da quadra chuvosa, que deve permanecer at\u00e9 maio. A Funceme trabalha com o progn\u00f3stico de chuvas acima da m\u00e9dia hist\u00f3rica em 2020.<\/p>\n\n\n\n<figure class=\"wp-block-gallery columns-1 is-cropped wp-block-gallery-1 is-layout-flex wp-block-gallery-is-layout-flex\"><ul class=\"blocks-gallery-grid\"><li class=\"blocks-gallery-item\"><figure><img loading=\"lazy\" decoding=\"async\" width=\"730\" height=\"420\" src=\"http:\/\/blogdorogeriogomes.com.br\/wp-content\/uploads\/2020\/02\/images-3.jpeg\" alt=\"\" data-id=\"15529\" data-full-url=\"http:\/\/blogdorogeriogomes.com.br\/wp-content\/uploads\/2020\/02\/images-3.jpeg\" data-link=\"http:\/\/blogdorogeriogomes.com.br\/?attachment_id=15529\" class=\"wp-image-15529\" srcset=\"https:\/\/blogdorogeriogomes.com.br\/noticias\/wp-content\/uploads\/2020\/02\/images-3.jpeg 730w, https:\/\/blogdorogeriogomes.com.br\/noticias\/wp-content\/uploads\/2020\/02\/images-3-300x173.jpeg 300w\" sizes=\"auto, (max-width: 730px) 100vw, 730px\" \/><\/figure><\/li><\/ul><\/figure>\n","protected":false},"excerpt":{"rendered":"<p>A Funceme prev\u00ea para esta quinta-feira, dia 6 de fevereiro, em todas as regi\u00f5es do Cear\u00e1 um cen\u00e1rio favor\u00e1vel para chuvas, principalmente na faixa litor\u00e2nea, Maci\u00e7o de Baturit\u00e9 e Regi\u00e3o da Ibiapaba. Nas \u00faltimas 48 horas choveu em pelo menos 163 munic\u00edpios cearenses, com destaque para Cedro, com 119mm, Paraipaba, com 105mm, e Trairi, com 105mm. Fortaleza e Regi\u00e3o Metropolitana tamb\u00e9m registraram chuvas fortes com v\u00e1rios pontos de alagamento, nesta quarta-feira, dia 5 de fevereiro. O acumulado desde a&hellip;<\/p>\n","protected":false},"author":1,"featured_media":15529,"comment_status":"open","ping_status":"open","sticky":false,"template":"","format":"standard","meta":{"footnotes":""},"categories":[1],"tags":[],"class_list":["post-15528","post","type-post","status-publish","format-standard","has-post-thumbnail","hentry","category-noticias"],"_links":{"self":[{"href":"https:\/\/blogdorogeriogomes.com.br\/noticias\/wp-json\/wp\/v2\/posts\/15528","targetHints":{"allow":["GET"]}}],"collection":[{"href":"https:\/\/blogdorogeriogomes.com.br\/noticias\/wp-json\/wp\/v2\/posts"}],"about":[{"href":"https:\/\/blogdorogeriogomes.com.br\/noticias\/wp-json\/wp\/v2\/types\/post"}],"author":[{"embeddable":true,"href":"https:\/\/blogdorogeriogomes.com.br\/noticias\/wp-json\/wp\/v2\/users\/1"}],"replies":[{"embeddable":true,"href":"https:\/\/blogdorogeriogomes.com.br\/noticias\/wp-json\/wp\/v2\/comments?post=15528"}],"version-history":[{"count":1,"href":"https:\/\/blogdorogeriogomes.com.br\/noticias\/wp-json\/wp\/v2\/posts\/15528\/revisions"}],"predecessor-version":[{"id":15530,"href":"https:\/\/blogdorogeriogomes.com.br\/noticias\/wp-json\/wp\/v2\/posts\/15528\/revisions\/15530"}],"wp:featuredmedia":[{"embeddable":true,"href":"https:\/\/blogdorogeriogomes.com.br\/noticias\/wp-json\/wp\/v2\/media\/15529"}],"wp:attachment":[{"href":"https:\/\/blogdorogeriogomes.com.br\/noticias\/wp-json\/wp\/v2\/media?parent=15528"}],"wp:term":[{"taxonomy":"category","embeddable":true,"href":"https:\/\/blogdorogeriogomes.com.br\/noticias\/wp-json\/wp\/v2\/categories?post=15528"},{"taxonomy":"post_tag","embeddable":true,"href":"https:\/\/blogdorogeriogomes.com.br\/noticias\/wp-json\/wp\/v2\/tags?post=15528"}],"curies":[{"name":"wp","href":"https:\/\/api.w.org\/{rel}","templated":true}]}}