{"id":15534,"date":"2020-02-06T10:56:33","date_gmt":"2020-02-06T10:56:33","guid":{"rendered":"http:\/\/blogdorogeriogomes.com.br\/?p=15534"},"modified":"2020-02-06T12:13:32","modified_gmt":"2020-02-06T12:13:32","slug":"vereadores-de-fortaleza-analisam-reajuste-dos-servidores-municipais-em-regime-de-urgencia","status":"publish","type":"post","link":"https:\/\/blogdorogeriogomes.com.br\/noticias\/2020\/02\/vereadores-de-fortaleza-analisam-reajuste-dos-servidores-municipais-em-regime-de-urgencia\/","title":{"rendered":"Vereadores de Fortaleza analisam reajuste dos servidores municipais em regime de urg\u00eancia"},"content":{"rendered":"\n<p>Tramitando em regime de urg\u00eancia, a mensagem do prefeito de Fortaleza, Roberto Cl\u00e1udio, que trata do reajuste do servidor p\u00fablico municipal, deve ir a vota\u00e7\u00e3o na C\u00e2mara Municipal de Fortaleza at\u00e9 a pr\u00f3xima ter\u00e7a-feira, dia 11 de fevereiro. O projeto prev\u00ea novo reajuste geral de 4,31%.<br>\nO presidente da C\u00e2mara Municipal, Ant\u00f4nio Henrique, acredita que os vereadores devem analisar a mat\u00e9ria com rapidez. A Prefeitura da Capital ainda negocia em separado o aumento dos professores do Munic\u00edpio, que defendem um percentual em torno de 12% para a categoria.<\/p>\n\n\n\n<figure class=\"wp-block-gallery columns-1 is-cropped wp-block-gallery-1 is-layout-flex wp-block-gallery-is-layout-flex\"><ul class=\"blocks-gallery-grid\"><li class=\"blocks-gallery-item\"><figure><img loading=\"lazy\" decoding=\"async\" width=\"650\" height=\"384\" src=\"http:\/\/blogdorogeriogomes.com.br\/wp-content\/uploads\/2020\/02\/images-4.jpeg\" alt=\"\" data-id=\"15535\" data-full-url=\"http:\/\/blogdorogeriogomes.com.br\/wp-content\/uploads\/2020\/02\/images-4.jpeg\" data-link=\"http:\/\/blogdorogeriogomes.com.br\/?attachment_id=15535\" class=\"wp-image-15535\" srcset=\"https:\/\/blogdorogeriogomes.com.br\/noticias\/wp-content\/uploads\/2020\/02\/images-4.jpeg 650w, https:\/\/blogdorogeriogomes.com.br\/noticias\/wp-content\/uploads\/2020\/02\/images-4-300x177.jpeg 300w\" sizes=\"auto, (max-width: 650px) 100vw, 650px\" \/><\/figure><\/li><\/ul><\/figure>\n","protected":false},"excerpt":{"rendered":"<p>Tramitando em regime de urg\u00eancia, a mensagem do prefeito de Fortaleza, Roberto Cl\u00e1udio, que trata do reajuste do servidor p\u00fablico municipal, deve ir a vota\u00e7\u00e3o na C\u00e2mara Municipal de Fortaleza at\u00e9 a pr\u00f3xima ter\u00e7a-feira, dia 11 de fevereiro. O projeto prev\u00ea novo reajuste geral de 4,31%. O presidente da C\u00e2mara Municipal, Ant\u00f4nio Henrique, acredita que os vereadores devem analisar a mat\u00e9ria com rapidez. A Prefeitura da Capital ainda negocia em separado o aumento dos professores do Munic\u00edpio, que defendem&hellip;<\/p>\n","protected":false},"author":1,"featured_media":15535,"comment_status":"open","ping_status":"open","sticky":false,"template":"","format":"standard","meta":{"footnotes":""},"categories":[1],"tags":[],"class_list":["post-15534","post","type-post","status-publish","format-standard","has-post-thumbnail","hentry","category-noticias"],"_links":{"self":[{"href":"https:\/\/blogdorogeriogomes.com.br\/noticias\/wp-json\/wp\/v2\/posts\/15534","targetHints":{"allow":["GET"]}}],"collection":[{"href":"https:\/\/blogdorogeriogomes.com.br\/noticias\/wp-json\/wp\/v2\/posts"}],"about":[{"href":"https:\/\/blogdorogeriogomes.com.br\/noticias\/wp-json\/wp\/v2\/types\/post"}],"author":[{"embeddable":true,"href":"https:\/\/blogdorogeriogomes.com.br\/noticias\/wp-json\/wp\/v2\/users\/1"}],"replies":[{"embeddable":true,"href":"https:\/\/blogdorogeriogomes.com.br\/noticias\/wp-json\/wp\/v2\/comments?post=15534"}],"version-history":[{"count":1,"href":"https:\/\/blogdorogeriogomes.com.br\/noticias\/wp-json\/wp\/v2\/posts\/15534\/revisions"}],"predecessor-version":[{"id":15536,"href":"https:\/\/blogdorogeriogomes.com.br\/noticias\/wp-json\/wp\/v2\/posts\/15534\/revisions\/15536"}],"wp:featuredmedia":[{"embeddable":true,"href":"https:\/\/blogdorogeriogomes.com.br\/noticias\/wp-json\/wp\/v2\/media\/15535"}],"wp:attachment":[{"href":"https:\/\/blogdorogeriogomes.com.br\/noticias\/wp-json\/wp\/v2\/media?parent=15534"}],"wp:term":[{"taxonomy":"category","embeddable":true,"href":"https:\/\/blogdorogeriogomes.com.br\/noticias\/wp-json\/wp\/v2\/categories?post=15534"},{"taxonomy":"post_tag","embeddable":true,"href":"https:\/\/blogdorogeriogomes.com.br\/noticias\/wp-json\/wp\/v2\/tags?post=15534"}],"curies":[{"name":"wp","href":"https:\/\/api.w.org\/{rel}","templated":true}]}}