{"id":15537,"date":"2020-02-06T12:09:33","date_gmt":"2020-02-06T12:09:33","guid":{"rendered":"http:\/\/blogdorogeriogomes.com.br\/?p=15537"},"modified":"2020-02-06T12:13:17","modified_gmt":"2020-02-06T12:13:17","slug":"jose-sarto-alerta-que-plano-de-reestruturacao-da-seguranca-publica-nao-pode-ser-tratado-com-vies-politiqueiro","status":"publish","type":"post","link":"https:\/\/blogdorogeriogomes.com.br\/noticias\/2020\/02\/jose-sarto-alerta-que-plano-de-reestruturacao-da-seguranca-publica-nao-pode-ser-tratado-com-vies-politiqueiro\/","title":{"rendered":"Jos\u00e9 Sarto alerta que plano de reestrutura\u00e7\u00e3o da seguran\u00e7a p\u00fablica n\u00e3o pode ser tratado com &#8220;vi\u00e9s politiqueiro&#8221;"},"content":{"rendered":"\n<p>Deputados de oposi\u00e7\u00e3o na Assembleia Legislativa do Cear\u00e1 fazem coro contra o plano reestrutura\u00e7\u00e3o salarial dos profissionais da seguran\u00e7a p\u00fablica, oferecido pelo Governo do Estado. Um deles \u00e9 o deputado estadual Soldado Noelio, que articula uma manifesta\u00e7\u00e3o de agentes de seguran\u00e7a nas galerias da AL, nesta quinta-feira, dia 6 de fevereiro.<br>\nO presidente da Assembleia Legislativa, Jos\u00e9 Sarto (foto), alerta que o movimento de reivindica\u00e7\u00e3o dos policiais n\u00e3o pode ser misturado a &#8220;vi\u00e9s politiqueiro.&#8221;<br>\nA proposta apresentada pelo secret\u00e1rio da SSPDS, Andr\u00e9 Costa, \u00e9 de uma eleva\u00e7\u00e3o salarial dividida em quatro parcelas. Dos quatro pagamentos, dois ser\u00e3o distribu\u00eddos entre 2020 e 2021, e mais duas parcelas em 2022, entre mar\u00e7o e dezembro.&nbsp;<\/p>\n\n\n\n<figure class=\"wp-block-gallery columns-1 is-cropped wp-block-gallery-1 is-layout-flex wp-block-gallery-is-layout-flex\"><ul class=\"blocks-gallery-grid\"><li class=\"blocks-gallery-item\"><figure><img loading=\"lazy\" decoding=\"async\" width=\"900\" height=\"600\" src=\"http:\/\/blogdorogeriogomes.com.br\/wp-content\/uploads\/2020\/02\/9c91d94a4139864e8725e6026959e56c_XL.jpg\" alt=\"\" data-id=\"15538\" data-full-url=\"http:\/\/blogdorogeriogomes.com.br\/wp-content\/uploads\/2020\/02\/9c91d94a4139864e8725e6026959e56c_XL.jpg\" data-link=\"http:\/\/blogdorogeriogomes.com.br\/?attachment_id=15538\" class=\"wp-image-15538\" srcset=\"https:\/\/blogdorogeriogomes.com.br\/noticias\/wp-content\/uploads\/2020\/02\/9c91d94a4139864e8725e6026959e56c_XL.jpg 900w, https:\/\/blogdorogeriogomes.com.br\/noticias\/wp-content\/uploads\/2020\/02\/9c91d94a4139864e8725e6026959e56c_XL-300x200.jpg 300w, https:\/\/blogdorogeriogomes.com.br\/noticias\/wp-content\/uploads\/2020\/02\/9c91d94a4139864e8725e6026959e56c_XL-768x512.jpg 768w, https:\/\/blogdorogeriogomes.com.br\/noticias\/wp-content\/uploads\/2020\/02\/9c91d94a4139864e8725e6026959e56c_XL-800x533.jpg 800w\" sizes=\"auto, (max-width: 900px) 100vw, 900px\" \/><\/figure><\/li><\/ul><\/figure>\n","protected":false},"excerpt":{"rendered":"<p>Deputados de oposi\u00e7\u00e3o na Assembleia Legislativa do Cear\u00e1 fazem coro contra o plano reestrutura\u00e7\u00e3o salarial dos profissionais da seguran\u00e7a p\u00fablica, oferecido pelo Governo do Estado. Um deles \u00e9 o deputado estadual Soldado Noelio, que articula uma manifesta\u00e7\u00e3o de agentes de seguran\u00e7a nas galerias da AL, nesta quinta-feira, dia 6 de fevereiro. O presidente da Assembleia Legislativa, Jos\u00e9 Sarto (foto), alerta que o movimento de reivindica\u00e7\u00e3o dos policiais n\u00e3o pode ser misturado a &#8220;vi\u00e9s politiqueiro.&#8221; A proposta apresentada pelo secret\u00e1rio&hellip;<\/p>\n","protected":false},"author":1,"featured_media":15538,"comment_status":"open","ping_status":"open","sticky":false,"template":"","format":"standard","meta":{"footnotes":""},"categories":[1],"tags":[],"class_list":["post-15537","post","type-post","status-publish","format-standard","has-post-thumbnail","hentry","category-noticias"],"_links":{"self":[{"href":"https:\/\/blogdorogeriogomes.com.br\/noticias\/wp-json\/wp\/v2\/posts\/15537","targetHints":{"allow":["GET"]}}],"collection":[{"href":"https:\/\/blogdorogeriogomes.com.br\/noticias\/wp-json\/wp\/v2\/posts"}],"about":[{"href":"https:\/\/blogdorogeriogomes.com.br\/noticias\/wp-json\/wp\/v2\/types\/post"}],"author":[{"embeddable":true,"href":"https:\/\/blogdorogeriogomes.com.br\/noticias\/wp-json\/wp\/v2\/users\/1"}],"replies":[{"embeddable":true,"href":"https:\/\/blogdorogeriogomes.com.br\/noticias\/wp-json\/wp\/v2\/comments?post=15537"}],"version-history":[{"count":1,"href":"https:\/\/blogdorogeriogomes.com.br\/noticias\/wp-json\/wp\/v2\/posts\/15537\/revisions"}],"predecessor-version":[{"id":15539,"href":"https:\/\/blogdorogeriogomes.com.br\/noticias\/wp-json\/wp\/v2\/posts\/15537\/revisions\/15539"}],"wp:featuredmedia":[{"embeddable":true,"href":"https:\/\/blogdorogeriogomes.com.br\/noticias\/wp-json\/wp\/v2\/media\/15538"}],"wp:attachment":[{"href":"https:\/\/blogdorogeriogomes.com.br\/noticias\/wp-json\/wp\/v2\/media?parent=15537"}],"wp:term":[{"taxonomy":"category","embeddable":true,"href":"https:\/\/blogdorogeriogomes.com.br\/noticias\/wp-json\/wp\/v2\/categories?post=15537"},{"taxonomy":"post_tag","embeddable":true,"href":"https:\/\/blogdorogeriogomes.com.br\/noticias\/wp-json\/wp\/v2\/tags?post=15537"}],"curies":[{"name":"wp","href":"https:\/\/api.w.org\/{rel}","templated":true}]}}