{"id":15540,"date":"2020-02-06T16:01:07","date_gmt":"2020-02-06T16:01:07","guid":{"rendered":"http:\/\/blogdorogeriogomes.com.br\/?p=15540"},"modified":"2020-02-06T21:42:22","modified_gmt":"2020-02-06T21:42:22","slug":"ex-ministro-orlando-silva-visita-o-ceara-para-conhecer-projeto-educacional-implantado-em-sobral","status":"publish","type":"post","link":"https:\/\/blogdorogeriogomes.com.br\/noticias\/2020\/02\/ex-ministro-orlando-silva-visita-o-ceara-para-conhecer-projeto-educacional-implantado-em-sobral\/","title":{"rendered":"Ex-ministro Orlando Silva visita o Cear\u00e1 para conhecer projeto educacional implantado em Sobral"},"content":{"rendered":"\n<p>O deputado federal Orlando Silva (PC do B) estar\u00e1 no Cear\u00e1, durante esta quinta-feira, dia 6 de fevereiro, a sexta-feira, dia 7, para conhecer de perto o modelo educacional desenvolvido pela Prefeitura de Sobral, que h\u00e1 anos lidera o ranking de munic\u00edpios no Ideb e teve o melhor desempenho entre os estudantes brasileiros no Pisa. O objetivo \u00e9 colher dados, sistematizar e contribuir para a formula\u00e7\u00e3o de programas de governo e pol\u00edticas p\u00fablicas com base em \u00eaxitos dessa experi\u00eancia. <br>\nOrlando Silva ter\u00e1 encontros com a vice-governadora do Cear\u00e1, Izolda Cela, que foi secret\u00e1ria de Educa\u00e7\u00e3o na gest\u00e3o de Cid Gomes, com o prefeito de Sobral, Ivo Ferreira Gomes, al\u00e9m do secret\u00e1rio In\u00e1cio Arruda, deputados e lideran\u00e7as do PC do B.<\/p>\n\n\n\n<figure class=\"wp-block-gallery columns-1 is-cropped wp-block-gallery-1 is-layout-flex wp-block-gallery-is-layout-flex\"><ul class=\"blocks-gallery-grid\"><li class=\"blocks-gallery-item\"><figure><img loading=\"lazy\" decoding=\"async\" width=\"684\" height=\"448\" src=\"http:\/\/blogdorogeriogomes.com.br\/wp-content\/uploads\/2020\/02\/images-5.jpeg\" alt=\"\" data-id=\"15541\" data-full-url=\"http:\/\/blogdorogeriogomes.com.br\/wp-content\/uploads\/2020\/02\/images-5.jpeg\" data-link=\"http:\/\/blogdorogeriogomes.com.br\/?attachment_id=15541\" class=\"wp-image-15541\" srcset=\"https:\/\/blogdorogeriogomes.com.br\/noticias\/wp-content\/uploads\/2020\/02\/images-5.jpeg 684w, https:\/\/blogdorogeriogomes.com.br\/noticias\/wp-content\/uploads\/2020\/02\/images-5-300x196.jpeg 300w\" sizes=\"auto, (max-width: 684px) 100vw, 684px\" \/><\/figure><\/li><\/ul><\/figure>\n","protected":false},"excerpt":{"rendered":"<p>O deputado federal Orlando Silva (PC do B) estar\u00e1 no Cear\u00e1, durante esta quinta-feira, dia 6 de fevereiro, a sexta-feira, dia 7, para conhecer de perto o modelo educacional desenvolvido pela Prefeitura de Sobral, que h\u00e1 anos lidera o ranking de munic\u00edpios no Ideb e teve o melhor desempenho entre os estudantes brasileiros no Pisa. O objetivo \u00e9 colher dados, sistematizar e contribuir para a formula\u00e7\u00e3o de programas de governo e pol\u00edticas p\u00fablicas com base em \u00eaxitos dessa experi\u00eancia.&hellip;<\/p>\n","protected":false},"author":1,"featured_media":15541,"comment_status":"open","ping_status":"open","sticky":false,"template":"","format":"standard","meta":{"footnotes":""},"categories":[1],"tags":[],"class_list":["post-15540","post","type-post","status-publish","format-standard","has-post-thumbnail","hentry","category-noticias"],"_links":{"self":[{"href":"https:\/\/blogdorogeriogomes.com.br\/noticias\/wp-json\/wp\/v2\/posts\/15540","targetHints":{"allow":["GET"]}}],"collection":[{"href":"https:\/\/blogdorogeriogomes.com.br\/noticias\/wp-json\/wp\/v2\/posts"}],"about":[{"href":"https:\/\/blogdorogeriogomes.com.br\/noticias\/wp-json\/wp\/v2\/types\/post"}],"author":[{"embeddable":true,"href":"https:\/\/blogdorogeriogomes.com.br\/noticias\/wp-json\/wp\/v2\/users\/1"}],"replies":[{"embeddable":true,"href":"https:\/\/blogdorogeriogomes.com.br\/noticias\/wp-json\/wp\/v2\/comments?post=15540"}],"version-history":[{"count":1,"href":"https:\/\/blogdorogeriogomes.com.br\/noticias\/wp-json\/wp\/v2\/posts\/15540\/revisions"}],"predecessor-version":[{"id":15542,"href":"https:\/\/blogdorogeriogomes.com.br\/noticias\/wp-json\/wp\/v2\/posts\/15540\/revisions\/15542"}],"wp:featuredmedia":[{"embeddable":true,"href":"https:\/\/blogdorogeriogomes.com.br\/noticias\/wp-json\/wp\/v2\/media\/15541"}],"wp:attachment":[{"href":"https:\/\/blogdorogeriogomes.com.br\/noticias\/wp-json\/wp\/v2\/media?parent=15540"}],"wp:term":[{"taxonomy":"category","embeddable":true,"href":"https:\/\/blogdorogeriogomes.com.br\/noticias\/wp-json\/wp\/v2\/categories?post=15540"},{"taxonomy":"post_tag","embeddable":true,"href":"https:\/\/blogdorogeriogomes.com.br\/noticias\/wp-json\/wp\/v2\/tags?post=15540"}],"curies":[{"name":"wp","href":"https:\/\/api.w.org\/{rel}","templated":true}]}}