{"id":15543,"date":"2020-02-06T22:15:03","date_gmt":"2020-02-06T22:15:03","guid":{"rendered":"http:\/\/blogdorogeriogomes.com.br\/?p=15543"},"modified":"2020-02-07T14:03:49","modified_gmt":"2020-02-07T14:03:49","slug":"governo-estadual-forma-grupo-para-reavaliar-o-plano-de-reajuste-salarial-de-policiais-e-bombeiros","status":"publish","type":"post","link":"https:\/\/blogdorogeriogomes.com.br\/noticias\/2020\/02\/governo-estadual-forma-grupo-para-reavaliar-o-plano-de-reajuste-salarial-de-policiais-e-bombeiros\/","title":{"rendered":"Governo Estadual forma grupo para reavaliar o plano de reajuste salarial de policiais e bombeiros"},"content":{"rendered":"\n<p>O protesto de agentes de seguran\u00e7a p\u00fablica durante toda esta quinta-feira, dia 6 de fevereiro, em frente a Assembleia Legislativa do Cear\u00e1, resultou em uma reuni\u00e3o de emerg\u00eancia no Pal\u00e1cio da Aboli\u00e7\u00e3o entre o governador Camilo Santana e representantes de entidades dos militares. Tamb\u00e9m participaram o presidente da Assembleia, Jos\u00e9 Sarto, e deputados da base aliada e da oposi\u00e7\u00e3o.<br>\nAs discuss\u00f5es giram em torno do plano de reposi\u00e7\u00e3o salarial da seguran\u00e7a p\u00fablica. Enquanto o Governo prop\u00f5e um reajuste escalonado at\u00e9 2022, quando o sal\u00e1rio fixo do soldado ficaria em torno de R$ 4.200, os agentes pedem 35% de reajuste no sal\u00e1rio-base.<br>\nNo encontro n\u00e3o foi fechado ainda um acordo. Um grupo de trabalho foi formado para formatar uma nova proposta que contemple os profissionais da seguran\u00e7a. H\u00e1 um compromisso de s\u00f3 enviar a proposta&nbsp; para a Assembleia Legislativa quando houver um acordo firmado entre Governo e categoria. Est\u00e1 marcada uma nova reuni\u00e3o para a pr\u00f3xima segunda-feira, dia 10, envolvendo os representantes das entidades militares.<\/p>\n\n\n\n<figure class=\"wp-block-gallery columns-1 is-cropped wp-block-gallery-1 is-layout-flex wp-block-gallery-is-layout-flex\"><ul class=\"blocks-gallery-grid\"><li class=\"blocks-gallery-item\"><figure><img loading=\"lazy\" decoding=\"async\" width=\"750\" height=\"498\" src=\"http:\/\/blogdorogeriogomes.com.br\/wp-content\/uploads\/2020\/02\/1_camilo_deputados_foto_carlos_gibaja_governo_do_ceara-11648845.jpg\" alt=\"\" data-id=\"15544\" data-full-url=\"http:\/\/blogdorogeriogomes.com.br\/wp-content\/uploads\/2020\/02\/1_camilo_deputados_foto_carlos_gibaja_governo_do_ceara-11648845.jpg\" data-link=\"http:\/\/blogdorogeriogomes.com.br\/?attachment_id=15544\" class=\"wp-image-15544\" srcset=\"https:\/\/blogdorogeriogomes.com.br\/noticias\/wp-content\/uploads\/2020\/02\/1_camilo_deputados_foto_carlos_gibaja_governo_do_ceara-11648845.jpg 750w, https:\/\/blogdorogeriogomes.com.br\/noticias\/wp-content\/uploads\/2020\/02\/1_camilo_deputados_foto_carlos_gibaja_governo_do_ceara-11648845-300x199.jpg 300w\" sizes=\"auto, (max-width: 750px) 100vw, 750px\" \/><\/figure><\/li><\/ul><\/figure>\n","protected":false},"excerpt":{"rendered":"<p>O protesto de agentes de seguran\u00e7a p\u00fablica durante toda esta quinta-feira, dia 6 de fevereiro, em frente a Assembleia Legislativa do Cear\u00e1, resultou em uma reuni\u00e3o de emerg\u00eancia no Pal\u00e1cio da Aboli\u00e7\u00e3o entre o governador Camilo Santana e representantes de entidades dos militares. Tamb\u00e9m participaram o presidente da Assembleia, Jos\u00e9 Sarto, e deputados da base aliada e da oposi\u00e7\u00e3o. As discuss\u00f5es giram em torno do plano de reposi\u00e7\u00e3o salarial da seguran\u00e7a p\u00fablica. Enquanto o Governo prop\u00f5e um reajuste escalonado&hellip;<\/p>\n","protected":false},"author":1,"featured_media":15544,"comment_status":"open","ping_status":"open","sticky":false,"template":"","format":"standard","meta":{"footnotes":""},"categories":[1],"tags":[],"class_list":["post-15543","post","type-post","status-publish","format-standard","has-post-thumbnail","hentry","category-noticias"],"_links":{"self":[{"href":"https:\/\/blogdorogeriogomes.com.br\/noticias\/wp-json\/wp\/v2\/posts\/15543","targetHints":{"allow":["GET"]}}],"collection":[{"href":"https:\/\/blogdorogeriogomes.com.br\/noticias\/wp-json\/wp\/v2\/posts"}],"about":[{"href":"https:\/\/blogdorogeriogomes.com.br\/noticias\/wp-json\/wp\/v2\/types\/post"}],"author":[{"embeddable":true,"href":"https:\/\/blogdorogeriogomes.com.br\/noticias\/wp-json\/wp\/v2\/users\/1"}],"replies":[{"embeddable":true,"href":"https:\/\/blogdorogeriogomes.com.br\/noticias\/wp-json\/wp\/v2\/comments?post=15543"}],"version-history":[{"count":1,"href":"https:\/\/blogdorogeriogomes.com.br\/noticias\/wp-json\/wp\/v2\/posts\/15543\/revisions"}],"predecessor-version":[{"id":15545,"href":"https:\/\/blogdorogeriogomes.com.br\/noticias\/wp-json\/wp\/v2\/posts\/15543\/revisions\/15545"}],"wp:featuredmedia":[{"embeddable":true,"href":"https:\/\/blogdorogeriogomes.com.br\/noticias\/wp-json\/wp\/v2\/media\/15544"}],"wp:attachment":[{"href":"https:\/\/blogdorogeriogomes.com.br\/noticias\/wp-json\/wp\/v2\/media?parent=15543"}],"wp:term":[{"taxonomy":"category","embeddable":true,"href":"https:\/\/blogdorogeriogomes.com.br\/noticias\/wp-json\/wp\/v2\/categories?post=15543"},{"taxonomy":"post_tag","embeddable":true,"href":"https:\/\/blogdorogeriogomes.com.br\/noticias\/wp-json\/wp\/v2\/tags?post=15543"}],"curies":[{"name":"wp","href":"https:\/\/api.w.org\/{rel}","templated":true}]}}