{"id":15546,"date":"2020-02-07T08:16:55","date_gmt":"2020-02-07T08:16:55","guid":{"rendered":"http:\/\/blogdorogeriogomes.com.br\/?p=15546"},"modified":"2020-02-07T14:03:31","modified_gmt":"2020-02-07T14:03:31","slug":"justica-rejeita-denuncia-do-mpf-contra-jornalista-glenn-greenwald","status":"publish","type":"post","link":"https:\/\/blogdorogeriogomes.com.br\/noticias\/2020\/02\/justica-rejeita-denuncia-do-mpf-contra-jornalista-glenn-greenwald\/","title":{"rendered":"Justi\u00e7a rejeita den\u00fancia do MPF contra jornalista Glenn Greenwald"},"content":{"rendered":"\n<p>A Justi\u00e7a rejeitou a den\u00fancia do Minist\u00e9rio P\u00fablico Federal contra o fundador do site The Intercept Brasil, Glenn Greenwald, que era acusado de envolvimento no hackeamento de mensagens de autoridades como o ministro da Justi\u00e7a, Sergio Moro, e o procurador da Lava Jato, Deltan Dallagnol. A decis\u00e3o \u00e9 do juiz Ricardo Augusto Soares Leite, da 10\u00aa Vara da Justi\u00e7a Federal em Bras\u00edlia.<br> Glenn disse ainda n\u00e3o estar satisfeito e vai ao Supremo Tribunal Federal contra a iniciativa do MPF. \u201cA decis\u00e3o me protege individualmente, mas \u00e9 uma grave viola\u00e7\u00e3o \u00e0 liberdade de imprensa e pode criar um precedente para que outros jornalistas sejam criminalizados no futuro. Queremos uma vit\u00f3ria n\u00e3o apenas para me proteger, mas para proteger os direitos constitucionais e a liberdade de imprensa. Por isso, vamos ao STF\u201d, declarou o jornalista.<\/p>\n\n\n\n<figure class=\"wp-block-gallery columns-1 is-cropped wp-block-gallery-1 is-layout-flex wp-block-gallery-is-layout-flex\"><ul class=\"blocks-gallery-grid\"><li class=\"blocks-gallery-item\"><figure><img loading=\"lazy\" decoding=\"async\" width=\"660\" height=\"360\" src=\"http:\/\/blogdorogeriogomes.com.br\/wp-content\/uploads\/2020\/02\/images.jpeg\" alt=\"\" data-id=\"15547\" data-full-url=\"http:\/\/blogdorogeriogomes.com.br\/wp-content\/uploads\/2020\/02\/images.jpeg\" data-link=\"http:\/\/blogdorogeriogomes.com.br\/?attachment_id=15547\" class=\"wp-image-15547\" srcset=\"https:\/\/blogdorogeriogomes.com.br\/noticias\/wp-content\/uploads\/2020\/02\/images.jpeg 660w, https:\/\/blogdorogeriogomes.com.br\/noticias\/wp-content\/uploads\/2020\/02\/images-300x164.jpeg 300w\" sizes=\"auto, (max-width: 660px) 100vw, 660px\" \/><\/figure><\/li><\/ul><\/figure>\n","protected":false},"excerpt":{"rendered":"<p>A Justi\u00e7a rejeitou a den\u00fancia do Minist\u00e9rio P\u00fablico Federal contra o fundador do site The Intercept Brasil, Glenn Greenwald, que era acusado de envolvimento no hackeamento de mensagens de autoridades como o ministro da Justi\u00e7a, Sergio Moro, e o procurador da Lava Jato, Deltan Dallagnol. A decis\u00e3o \u00e9 do juiz Ricardo Augusto Soares Leite, da 10\u00aa Vara da Justi\u00e7a Federal em Bras\u00edlia. Glenn disse ainda n\u00e3o estar satisfeito e vai ao Supremo Tribunal Federal contra a iniciativa do MPF.&hellip;<\/p>\n","protected":false},"author":1,"featured_media":15547,"comment_status":"open","ping_status":"open","sticky":false,"template":"","format":"standard","meta":{"footnotes":""},"categories":[1],"tags":[],"class_list":["post-15546","post","type-post","status-publish","format-standard","has-post-thumbnail","hentry","category-noticias"],"_links":{"self":[{"href":"https:\/\/blogdorogeriogomes.com.br\/noticias\/wp-json\/wp\/v2\/posts\/15546","targetHints":{"allow":["GET"]}}],"collection":[{"href":"https:\/\/blogdorogeriogomes.com.br\/noticias\/wp-json\/wp\/v2\/posts"}],"about":[{"href":"https:\/\/blogdorogeriogomes.com.br\/noticias\/wp-json\/wp\/v2\/types\/post"}],"author":[{"embeddable":true,"href":"https:\/\/blogdorogeriogomes.com.br\/noticias\/wp-json\/wp\/v2\/users\/1"}],"replies":[{"embeddable":true,"href":"https:\/\/blogdorogeriogomes.com.br\/noticias\/wp-json\/wp\/v2\/comments?post=15546"}],"version-history":[{"count":1,"href":"https:\/\/blogdorogeriogomes.com.br\/noticias\/wp-json\/wp\/v2\/posts\/15546\/revisions"}],"predecessor-version":[{"id":15548,"href":"https:\/\/blogdorogeriogomes.com.br\/noticias\/wp-json\/wp\/v2\/posts\/15546\/revisions\/15548"}],"wp:featuredmedia":[{"embeddable":true,"href":"https:\/\/blogdorogeriogomes.com.br\/noticias\/wp-json\/wp\/v2\/media\/15547"}],"wp:attachment":[{"href":"https:\/\/blogdorogeriogomes.com.br\/noticias\/wp-json\/wp\/v2\/media?parent=15546"}],"wp:term":[{"taxonomy":"category","embeddable":true,"href":"https:\/\/blogdorogeriogomes.com.br\/noticias\/wp-json\/wp\/v2\/categories?post=15546"},{"taxonomy":"post_tag","embeddable":true,"href":"https:\/\/blogdorogeriogomes.com.br\/noticias\/wp-json\/wp\/v2\/tags?post=15546"}],"curies":[{"name":"wp","href":"https:\/\/api.w.org\/{rel}","templated":true}]}}