{"id":15549,"date":"2020-02-07T08:28:49","date_gmt":"2020-02-07T08:28:49","guid":{"rendered":"http:\/\/blogdorogeriogomes.com.br\/?p=15549"},"modified":"2020-02-07T14:03:13","modified_gmt":"2020-02-07T14:03:13","slug":"professores-da-rede-municipal-conseguem-reajuste-diferenciado-em-fortaleza","status":"publish","type":"post","link":"https:\/\/blogdorogeriogomes.com.br\/noticias\/2020\/02\/professores-da-rede-municipal-conseguem-reajuste-diferenciado-em-fortaleza\/","title":{"rendered":"Professores da rede municipal conseguem reajuste diferenciado em Fortaleza"},"content":{"rendered":"\n<p>Os professores da b\u00e1sica de Fortaleza entraram em acordo com a Prefeitura&nbsp; para a concess\u00e3o de reajuste salarial de&nbsp;12,84%, a ser pago a partir de setembro de 2020. At\u00e9 l\u00e1, eles receber\u00e3o o reajuste geral j\u00e1 apresentado pelo Executivo para todos os servidores municipais, de 4,31%, que tramita em regime de urg\u00eancia na C\u00e2mara Municipal de Fortaleza e deve ser votado&nbsp;na&nbsp;pr\u00f3xima semana.<br>\nO impacto financeiro, de acordo com o Munic\u00edpio,&nbsp;ser\u00e1 de R$ 129 milh\u00f5es e 300 mil reaisno or\u00e7amento deste ano. <\/p>\n\n\n\n<figure class=\"wp-block-gallery columns-1 is-cropped wp-block-gallery-1 is-layout-flex wp-block-gallery-is-layout-flex\"><ul class=\"blocks-gallery-grid\"><li class=\"blocks-gallery-item\"><figure><img loading=\"lazy\" decoding=\"async\" width=\"400\" height=\"300\" src=\"http:\/\/blogdorogeriogomes.com.br\/wp-content\/uploads\/2020\/02\/image.jpg\" alt=\"\" data-id=\"15550\" data-full-url=\"http:\/\/blogdorogeriogomes.com.br\/wp-content\/uploads\/2020\/02\/image.jpg\" data-link=\"http:\/\/blogdorogeriogomes.com.br\/?attachment_id=15550\" class=\"wp-image-15550\" srcset=\"https:\/\/blogdorogeriogomes.com.br\/noticias\/wp-content\/uploads\/2020\/02\/image.jpg 400w, https:\/\/blogdorogeriogomes.com.br\/noticias\/wp-content\/uploads\/2020\/02\/image-300x225.jpg 300w\" sizes=\"auto, (max-width: 400px) 100vw, 400px\" \/><\/figure><\/li><\/ul><\/figure>\n","protected":false},"excerpt":{"rendered":"<p>Os professores da b\u00e1sica de Fortaleza entraram em acordo com a Prefeitura&nbsp; para a concess\u00e3o de reajuste salarial de&nbsp;12,84%, a ser pago a partir de setembro de 2020. At\u00e9 l\u00e1, eles receber\u00e3o o reajuste geral j\u00e1 apresentado pelo Executivo para todos os servidores municipais, de 4,31%, que tramita em regime de urg\u00eancia na C\u00e2mara Municipal de Fortaleza e deve ser votado&nbsp;na&nbsp;pr\u00f3xima semana. O impacto financeiro, de acordo com o Munic\u00edpio,&nbsp;ser\u00e1 de R$ 129 milh\u00f5es e 300 mil reaisno or\u00e7amento&hellip;<\/p>\n","protected":false},"author":1,"featured_media":15550,"comment_status":"open","ping_status":"open","sticky":false,"template":"","format":"standard","meta":{"footnotes":""},"categories":[1],"tags":[],"class_list":["post-15549","post","type-post","status-publish","format-standard","has-post-thumbnail","hentry","category-noticias"],"_links":{"self":[{"href":"https:\/\/blogdorogeriogomes.com.br\/noticias\/wp-json\/wp\/v2\/posts\/15549","targetHints":{"allow":["GET"]}}],"collection":[{"href":"https:\/\/blogdorogeriogomes.com.br\/noticias\/wp-json\/wp\/v2\/posts"}],"about":[{"href":"https:\/\/blogdorogeriogomes.com.br\/noticias\/wp-json\/wp\/v2\/types\/post"}],"author":[{"embeddable":true,"href":"https:\/\/blogdorogeriogomes.com.br\/noticias\/wp-json\/wp\/v2\/users\/1"}],"replies":[{"embeddable":true,"href":"https:\/\/blogdorogeriogomes.com.br\/noticias\/wp-json\/wp\/v2\/comments?post=15549"}],"version-history":[{"count":1,"href":"https:\/\/blogdorogeriogomes.com.br\/noticias\/wp-json\/wp\/v2\/posts\/15549\/revisions"}],"predecessor-version":[{"id":15551,"href":"https:\/\/blogdorogeriogomes.com.br\/noticias\/wp-json\/wp\/v2\/posts\/15549\/revisions\/15551"}],"wp:featuredmedia":[{"embeddable":true,"href":"https:\/\/blogdorogeriogomes.com.br\/noticias\/wp-json\/wp\/v2\/media\/15550"}],"wp:attachment":[{"href":"https:\/\/blogdorogeriogomes.com.br\/noticias\/wp-json\/wp\/v2\/media?parent=15549"}],"wp:term":[{"taxonomy":"category","embeddable":true,"href":"https:\/\/blogdorogeriogomes.com.br\/noticias\/wp-json\/wp\/v2\/categories?post=15549"},{"taxonomy":"post_tag","embeddable":true,"href":"https:\/\/blogdorogeriogomes.com.br\/noticias\/wp-json\/wp\/v2\/tags?post=15549"}],"curies":[{"name":"wp","href":"https:\/\/api.w.org\/{rel}","templated":true}]}}