{"id":15552,"date":"2020-02-07T22:27:57","date_gmt":"2020-02-07T22:27:57","guid":{"rendered":"http:\/\/blogdorogeriogomes.com.br\/?p=15552"},"modified":"2020-02-10T11:00:57","modified_gmt":"2020-02-10T11:00:57","slug":"ministro-paulo-guedes-compara-servidor-publico-a-parasita-e-defende-fim-de-reajuste-automatico","status":"publish","type":"post","link":"https:\/\/blogdorogeriogomes.com.br\/noticias\/2020\/02\/ministro-paulo-guedes-compara-servidor-publico-a-parasita-e-defende-fim-de-reajuste-automatico\/","title":{"rendered":"Ministro Paulo Guedes compara servidor p\u00fablico a &#8220;parasita&#8221; e defende fim de reajuste autom\u00e1tico"},"content":{"rendered":"\n<p>O servidor p\u00fablico federal j\u00e1 n\u00e3o anda muito satisfeito com a aten\u00e7\u00e3o que o Governo Federal tem dado \u00e0 categoria. Para agravar o quadro, o Ministro da Fazenda, Paulo Guedes, fez uma compara\u00e7\u00e3o nem um pouco feliz durante uma palestra, nesta sexta-feira, dia 7 de fevereiro, no Rio de Janeiro. Guedes comparou servidores p\u00fablicos a &#8220;parasitas&#8221;. <br>\nO Ministro da Fazenda declarou: &#8220;O governo est\u00e1 quebrado, gasta 90% da receita com sal\u00e1rio e \u00e9 obrigado a dar aumento. O funcionalismo teve aumento de 50% acima da infla\u00e7\u00e3o, al\u00e9m de ter estabilidade na carreira e aposentadoria generosa. O hospedeiro est\u00e1 morrendo, o cara virou um parasita&#8221;, disse ele, defendendo o fim dos reajustes autom\u00e1ticos do funcionalismo p\u00fablico federal.<br>\nDepois da repercuss\u00e3o negativa, uma nota do Minist\u00e9rio da Fazenda tentou minimizar o estrago. &#8220;O ministro lamenta profundamente que sua fala tenha sido retirada de contexto pela imprensa\u201d, diz a nota.<br>\n\u00c9 bom lembrar que o Governo Bolsonaro pretende enviar semana que vem o texto da reforma administrativa ao Congresso Nacional, que vai mexer diretamente com o servidor p\u00fablico federal.<\/p>\n\n\n\n<figure class=\"wp-block-gallery columns-1 is-cropped wp-block-gallery-1 is-layout-flex wp-block-gallery-is-layout-flex\"><ul class=\"blocks-gallery-grid\"><li class=\"blocks-gallery-item\"><figure><img loading=\"lazy\" decoding=\"async\" width=\"450\" height=\"600\" src=\"http:\/\/blogdorogeriogomes.com.br\/wp-content\/uploads\/2020\/02\/paulo-guedes-ministro-da-economia-1581106883786_v2_450x600.jpg\" alt=\"\" data-id=\"15553\" data-full-url=\"http:\/\/blogdorogeriogomes.com.br\/wp-content\/uploads\/2020\/02\/paulo-guedes-ministro-da-economia-1581106883786_v2_450x600.jpg\" data-link=\"http:\/\/blogdorogeriogomes.com.br\/?attachment_id=15553\" class=\"wp-image-15553\" srcset=\"https:\/\/blogdorogeriogomes.com.br\/noticias\/wp-content\/uploads\/2020\/02\/paulo-guedes-ministro-da-economia-1581106883786_v2_450x600.jpg 450w, https:\/\/blogdorogeriogomes.com.br\/noticias\/wp-content\/uploads\/2020\/02\/paulo-guedes-ministro-da-economia-1581106883786_v2_450x600-225x300.jpg 225w\" sizes=\"auto, (max-width: 450px) 100vw, 450px\" \/><\/figure><\/li><\/ul><\/figure>\n","protected":false},"excerpt":{"rendered":"<p>O servidor p\u00fablico federal j\u00e1 n\u00e3o anda muito satisfeito com a aten\u00e7\u00e3o que o Governo Federal tem dado \u00e0 categoria. Para agravar o quadro, o Ministro da Fazenda, Paulo Guedes, fez uma compara\u00e7\u00e3o nem um pouco feliz durante uma palestra, nesta sexta-feira, dia 7 de fevereiro, no Rio de Janeiro. Guedes comparou servidores p\u00fablicos a &#8220;parasitas&#8221;. O Ministro da Fazenda declarou: &#8220;O governo est\u00e1 quebrado, gasta 90% da receita com sal\u00e1rio e \u00e9 obrigado a dar aumento. O funcionalismo&hellip;<\/p>\n","protected":false},"author":1,"featured_media":15553,"comment_status":"open","ping_status":"open","sticky":false,"template":"","format":"standard","meta":{"footnotes":""},"categories":[1],"tags":[],"class_list":["post-15552","post","type-post","status-publish","format-standard","has-post-thumbnail","hentry","category-noticias"],"_links":{"self":[{"href":"https:\/\/blogdorogeriogomes.com.br\/noticias\/wp-json\/wp\/v2\/posts\/15552","targetHints":{"allow":["GET"]}}],"collection":[{"href":"https:\/\/blogdorogeriogomes.com.br\/noticias\/wp-json\/wp\/v2\/posts"}],"about":[{"href":"https:\/\/blogdorogeriogomes.com.br\/noticias\/wp-json\/wp\/v2\/types\/post"}],"author":[{"embeddable":true,"href":"https:\/\/blogdorogeriogomes.com.br\/noticias\/wp-json\/wp\/v2\/users\/1"}],"replies":[{"embeddable":true,"href":"https:\/\/blogdorogeriogomes.com.br\/noticias\/wp-json\/wp\/v2\/comments?post=15552"}],"version-history":[{"count":1,"href":"https:\/\/blogdorogeriogomes.com.br\/noticias\/wp-json\/wp\/v2\/posts\/15552\/revisions"}],"predecessor-version":[{"id":15554,"href":"https:\/\/blogdorogeriogomes.com.br\/noticias\/wp-json\/wp\/v2\/posts\/15552\/revisions\/15554"}],"wp:featuredmedia":[{"embeddable":true,"href":"https:\/\/blogdorogeriogomes.com.br\/noticias\/wp-json\/wp\/v2\/media\/15553"}],"wp:attachment":[{"href":"https:\/\/blogdorogeriogomes.com.br\/noticias\/wp-json\/wp\/v2\/media?parent=15552"}],"wp:term":[{"taxonomy":"category","embeddable":true,"href":"https:\/\/blogdorogeriogomes.com.br\/noticias\/wp-json\/wp\/v2\/categories?post=15552"},{"taxonomy":"post_tag","embeddable":true,"href":"https:\/\/blogdorogeriogomes.com.br\/noticias\/wp-json\/wp\/v2\/tags?post=15552"}],"curies":[{"name":"wp","href":"https:\/\/api.w.org\/{rel}","templated":true}]}}