{"id":15558,"date":"2020-02-08T12:56:15","date_gmt":"2020-02-08T12:56:15","guid":{"rendered":"http:\/\/blogdorogeriogomes.com.br\/?p=15558"},"modified":"2020-02-10T11:00:12","modified_gmt":"2020-02-10T11:00:12","slug":"mp-das-carteiras-estudantis-digitais-caduca-no-dia-16-e-pode-perder-a-validade","status":"publish","type":"post","link":"https:\/\/blogdorogeriogomes.com.br\/noticias\/2020\/02\/mp-das-carteiras-estudantis-digitais-caduca-no-dia-16-e-pode-perder-a-validade\/","title":{"rendered":"MP das carteiras estudantis digitais caduca no dia 16 e pode perder a validade"},"content":{"rendered":"\n<p>As rusgas entre o presidente da C\u00e2mara Federal, Rodrigo Maia, e o ministro da Educa\u00e7\u00e3o, Abraham Weintraub, devem ganhar desdobramentos nesta semana que se inicia. Isto porque, caduca no pr\u00f3ximo domingo, dia 16 de fevereiro, a Medida Provis\u00f3ria 895, que criou a carteirinha de estudante digital, medida adotada pelo Governo Federal em retalia\u00e7\u00e3o \u00e0s entidades estudantis, que fazem oposi\u00e7\u00e3o ao presidente Jair Bolsonaro.<br>\nComo a rela\u00e7\u00e3o entre Maia e Weintraub n\u00e3o est\u00e1 das melhores, n\u00e3o se sabe como a C\u00e2mara ir\u00e1 proceder com a an\u00e1lise da MP, j\u00e1 que a Casa s\u00f3 faz vota\u00e7\u00f5es importantes nas ter\u00e7as e quartas-feiras. Caso perca a validade, a MP n\u00e3o pode ser reeditada antes de 2021. Assim, deixam de ter amparo legal as 258 mil carteirinhas digitais emitidas at\u00e9 agora.<\/p>\n\n\n\n<figure class=\"wp-block-gallery columns-1 is-cropped wp-block-gallery-1 is-layout-flex wp-block-gallery-is-layout-flex\"><ul class=\"blocks-gallery-grid\"><li class=\"blocks-gallery-item\"><figure><img loading=\"lazy\" decoding=\"async\" width=\"715\" height=\"429\" src=\"http:\/\/blogdorogeriogomes.com.br\/wp-content\/uploads\/2020\/02\/images-6.jpeg\" alt=\"\" data-id=\"15559\" data-full-url=\"http:\/\/blogdorogeriogomes.com.br\/wp-content\/uploads\/2020\/02\/images-6.jpeg\" data-link=\"http:\/\/blogdorogeriogomes.com.br\/?attachment_id=15559\" class=\"wp-image-15559\" srcset=\"https:\/\/blogdorogeriogomes.com.br\/noticias\/wp-content\/uploads\/2020\/02\/images-6.jpeg 715w, https:\/\/blogdorogeriogomes.com.br\/noticias\/wp-content\/uploads\/2020\/02\/images-6-300x180.jpeg 300w\" sizes=\"auto, (max-width: 715px) 100vw, 715px\" \/><\/figure><\/li><\/ul><\/figure>\n","protected":false},"excerpt":{"rendered":"<p>As rusgas entre o presidente da C\u00e2mara Federal, Rodrigo Maia, e o ministro da Educa\u00e7\u00e3o, Abraham Weintraub, devem ganhar desdobramentos nesta semana que se inicia. Isto porque, caduca no pr\u00f3ximo domingo, dia 16 de fevereiro, a Medida Provis\u00f3ria 895, que criou a carteirinha de estudante digital, medida adotada pelo Governo Federal em retalia\u00e7\u00e3o \u00e0s entidades estudantis, que fazem oposi\u00e7\u00e3o ao presidente Jair Bolsonaro. Como a rela\u00e7\u00e3o entre Maia e Weintraub n\u00e3o est\u00e1 das melhores, n\u00e3o se sabe como a&hellip;<\/p>\n","protected":false},"author":1,"featured_media":15559,"comment_status":"open","ping_status":"open","sticky":false,"template":"","format":"standard","meta":{"footnotes":""},"categories":[1],"tags":[],"class_list":["post-15558","post","type-post","status-publish","format-standard","has-post-thumbnail","hentry","category-noticias"],"_links":{"self":[{"href":"https:\/\/blogdorogeriogomes.com.br\/noticias\/wp-json\/wp\/v2\/posts\/15558","targetHints":{"allow":["GET"]}}],"collection":[{"href":"https:\/\/blogdorogeriogomes.com.br\/noticias\/wp-json\/wp\/v2\/posts"}],"about":[{"href":"https:\/\/blogdorogeriogomes.com.br\/noticias\/wp-json\/wp\/v2\/types\/post"}],"author":[{"embeddable":true,"href":"https:\/\/blogdorogeriogomes.com.br\/noticias\/wp-json\/wp\/v2\/users\/1"}],"replies":[{"embeddable":true,"href":"https:\/\/blogdorogeriogomes.com.br\/noticias\/wp-json\/wp\/v2\/comments?post=15558"}],"version-history":[{"count":1,"href":"https:\/\/blogdorogeriogomes.com.br\/noticias\/wp-json\/wp\/v2\/posts\/15558\/revisions"}],"predecessor-version":[{"id":15560,"href":"https:\/\/blogdorogeriogomes.com.br\/noticias\/wp-json\/wp\/v2\/posts\/15558\/revisions\/15560"}],"wp:featuredmedia":[{"embeddable":true,"href":"https:\/\/blogdorogeriogomes.com.br\/noticias\/wp-json\/wp\/v2\/media\/15559"}],"wp:attachment":[{"href":"https:\/\/blogdorogeriogomes.com.br\/noticias\/wp-json\/wp\/v2\/media?parent=15558"}],"wp:term":[{"taxonomy":"category","embeddable":true,"href":"https:\/\/blogdorogeriogomes.com.br\/noticias\/wp-json\/wp\/v2\/categories?post=15558"},{"taxonomy":"post_tag","embeddable":true,"href":"https:\/\/blogdorogeriogomes.com.br\/noticias\/wp-json\/wp\/v2\/tags?post=15558"}],"curies":[{"name":"wp","href":"https:\/\/api.w.org\/{rel}","templated":true}]}}