{"id":15561,"date":"2020-02-09T14:07:10","date_gmt":"2020-02-09T14:07:10","guid":{"rendered":"http:\/\/blogdorogeriogomes.com.br\/?p=15561"},"modified":"2020-02-10T10:59:40","modified_gmt":"2020-02-10T10:59:40","slug":"lula-e-mujica-analisam-transformacoes-do-mundo-do-trabalho-e-defendem-participacao-na-vida-politica","status":"publish","type":"post","link":"https:\/\/blogdorogeriogomes.com.br\/noticias\/2020\/02\/lula-e-mujica-analisam-transformacoes-do-mundo-do-trabalho-e-defendem-participacao-na-vida-politica\/","title":{"rendered":"Lula e Mujica analisam transforma\u00e7\u00f5es do mundo do trabalho e defendem participa\u00e7\u00e3o na vida pol\u00edtica"},"content":{"rendered":"\n<p>O Festival dos 40 anos do Partido dos Trabalhadores (PT) promoveu o encontro dos ex-presidentes do Brasil, Lula, e do Uruguai, Jose Pepe Mujica. Os dois terminaram seus governos com altos \u00edndices de popularidade. Na roda de conversa, os dois fizeram boas an\u00e1lises do cen\u00e1rio pol\u00edtico atual, principalmente, no que se refere as transforma\u00e7\u00f5es do mundo do trabalho e a necessidade de se participar da vida pol\u00edtica para a promo\u00e7\u00e3o de um mundo mais justo e menos desigual.<br>\n\u201cA vida se vai e a pergunta \u00e9: basta gastar sua vida pagando contas, e contas, e contas? E voc\u00ea vai ter tempo para os afetos, para o amor, para seus filhos e amigos ou vai ser escravo do mercado? Essa \u00e9 a pergunta que voc\u00ea tem que fazer\u2026O mundo melhorar\u00e1 se o jovem se comprometer, se for capaz de gastar tempo da sua vida lutando pela justi\u00e7a e pela igualdade em nossas vidas\u201d, disse Jose Pepe Mujica.<br>\nLula criticou a flexibiliza\u00e7\u00e3o das leis trabalhistas e o uso de termos como o \u201cempreendedorismo individual\u201d para justificar a explora\u00e7\u00e3o do trabalhador.<br>\n\u201cEu quero saber se \u00e9 apenas o mercado que vai reger nossas condi\u00e7\u00f5es de vida ou se o Estado vai agir para proteger os brasileiros que precisam de prote\u00e7\u00e3o do Estado\u2026As pessoas trabalham sem parar, na hora do almo\u00e7o, quando v\u00e3o ao banheiro, quando voltam pra casa, uma infinidade de horas sem saber que est\u00e3o trabalhando e n\u00e3o ganham nada com isso. A vida melhorou? A vida n\u00e3o melhorou.\u201d<br>\n\u201cOu assumimos a responsabilidade de fazer e discutir pol\u00edtica ou seremos levados de rold\u00e3o como aconteceu nas \u00faltimas elei\u00e7\u00f5es. N\u00e3o existe sa\u00edda fora da pol\u00edtica\u201d, completou Lula.<\/p>\n\n\n\n<figure class=\"wp-block-image size-large\"><img loading=\"lazy\" decoding=\"async\" width=\"620\" height=\"413\" src=\"http:\/\/blogdorogeriogomes.com.br\/wp-content\/uploads\/2020\/02\/images-5-1.jpeg\" alt=\"\" class=\"wp-image-15562\" srcset=\"https:\/\/blogdorogeriogomes.com.br\/noticias\/wp-content\/uploads\/2020\/02\/images-5-1.jpeg 620w, https:\/\/blogdorogeriogomes.com.br\/noticias\/wp-content\/uploads\/2020\/02\/images-5-1-300x200.jpeg 300w\" sizes=\"auto, (max-width: 620px) 100vw, 620px\" \/><\/figure>\n","protected":false},"excerpt":{"rendered":"<p>O Festival dos 40 anos do Partido dos Trabalhadores (PT) promoveu o encontro dos ex-presidentes do Brasil, Lula, e do Uruguai, Jose Pepe Mujica. Os dois terminaram seus governos com altos \u00edndices de popularidade. Na roda de conversa, os dois fizeram boas an\u00e1lises do cen\u00e1rio pol\u00edtico atual, principalmente, no que se refere as transforma\u00e7\u00f5es do mundo do trabalho e a necessidade de se participar da vida pol\u00edtica para a promo\u00e7\u00e3o de um mundo mais justo e menos desigual. \u201cA&hellip;<\/p>\n","protected":false},"author":1,"featured_media":15562,"comment_status":"open","ping_status":"open","sticky":false,"template":"","format":"standard","meta":{"footnotes":""},"categories":[1],"tags":[],"class_list":["post-15561","post","type-post","status-publish","format-standard","has-post-thumbnail","hentry","category-noticias"],"_links":{"self":[{"href":"https:\/\/blogdorogeriogomes.com.br\/noticias\/wp-json\/wp\/v2\/posts\/15561","targetHints":{"allow":["GET"]}}],"collection":[{"href":"https:\/\/blogdorogeriogomes.com.br\/noticias\/wp-json\/wp\/v2\/posts"}],"about":[{"href":"https:\/\/blogdorogeriogomes.com.br\/noticias\/wp-json\/wp\/v2\/types\/post"}],"author":[{"embeddable":true,"href":"https:\/\/blogdorogeriogomes.com.br\/noticias\/wp-json\/wp\/v2\/users\/1"}],"replies":[{"embeddable":true,"href":"https:\/\/blogdorogeriogomes.com.br\/noticias\/wp-json\/wp\/v2\/comments?post=15561"}],"version-history":[{"count":1,"href":"https:\/\/blogdorogeriogomes.com.br\/noticias\/wp-json\/wp\/v2\/posts\/15561\/revisions"}],"predecessor-version":[{"id":15563,"href":"https:\/\/blogdorogeriogomes.com.br\/noticias\/wp-json\/wp\/v2\/posts\/15561\/revisions\/15563"}],"wp:featuredmedia":[{"embeddable":true,"href":"https:\/\/blogdorogeriogomes.com.br\/noticias\/wp-json\/wp\/v2\/media\/15562"}],"wp:attachment":[{"href":"https:\/\/blogdorogeriogomes.com.br\/noticias\/wp-json\/wp\/v2\/media?parent=15561"}],"wp:term":[{"taxonomy":"category","embeddable":true,"href":"https:\/\/blogdorogeriogomes.com.br\/noticias\/wp-json\/wp\/v2\/categories?post=15561"},{"taxonomy":"post_tag","embeddable":true,"href":"https:\/\/blogdorogeriogomes.com.br\/noticias\/wp-json\/wp\/v2\/tags?post=15561"}],"curies":[{"name":"wp","href":"https:\/\/api.w.org\/{rel}","templated":true}]}}