{"id":15564,"date":"2020-02-10T09:11:43","date_gmt":"2020-02-10T09:11:43","guid":{"rendered":"http:\/\/blogdorogeriogomes.com.br\/?p=15564"},"modified":"2020-02-10T10:59:23","modified_gmt":"2020-02-10T10:59:23","slug":"governador-camilo-santana-apresenta-projetos-para-saude-em-forum-estrategico","status":"publish","type":"post","link":"https:\/\/blogdorogeriogomes.com.br\/noticias\/2020\/02\/governador-camilo-santana-apresenta-projetos-para-saude-em-forum-estrategico\/","title":{"rendered":"Governador Camilo Santana apresenta projetos para sa\u00fade em F\u00f3rum Estrat\u00e9gico"},"content":{"rendered":"\n<p>O&nbsp;governador Camilo Santana e o secret\u00e1rio de Sa\u00fade do Estado, Dr. Cabeto, participam nesta segunda-feira, dia 10 de fevereiro, da abertura do F\u00f3rum Estrat\u00e9gico da Sa\u00fade. O evento acontece no Centro de Eventos do Cear\u00e1 e tem como objetivo debater a\u00e7\u00f5es e pol\u00edticas p\u00fablicas para consolidar a \u00e1rea da sa\u00fade como uma fonte geradora de Conhecimento. Durante o evento, a sociedade poder\u00e1 conhecer as principais mudan\u00e7as que est\u00e3o acontecendo na Sa\u00fade do Cear\u00e1. Projetos de transpar\u00eancia, acessibilidade, tecnologia, inova\u00e7\u00e3o e valoriza\u00e7\u00e3o das pessoas s\u00e3o algumas das a\u00e7\u00f5es que ser\u00e3o apresentadas. Entre eles, est\u00e3o a informatiza\u00e7\u00e3o de 3.200 postos de sa\u00fade, a qualifica\u00e7\u00e3o dos profissionais da Sesa e a implanta\u00e7\u00e3o do IntegraSUS, novo sistema de informa\u00e7\u00f5es, monitoramento e gerenciamento de indicadores.<\/p>\n\n\n\n<figure class=\"wp-block-gallery columns-1 is-cropped wp-block-gallery-1 is-layout-flex wp-block-gallery-is-layout-flex\"><ul class=\"blocks-gallery-grid\"><li class=\"blocks-gallery-item\"><figure><img loading=\"lazy\" decoding=\"async\" width=\"720\" height=\"426\" src=\"http:\/\/blogdorogeriogomes.com.br\/wp-content\/uploads\/2020\/02\/images-7.jpeg\" alt=\"\" data-id=\"15565\" data-full-url=\"http:\/\/blogdorogeriogomes.com.br\/wp-content\/uploads\/2020\/02\/images-7.jpeg\" data-link=\"http:\/\/blogdorogeriogomes.com.br\/?attachment_id=15565\" class=\"wp-image-15565\" srcset=\"https:\/\/blogdorogeriogomes.com.br\/noticias\/wp-content\/uploads\/2020\/02\/images-7.jpeg 720w, https:\/\/blogdorogeriogomes.com.br\/noticias\/wp-content\/uploads\/2020\/02\/images-7-300x178.jpeg 300w\" sizes=\"auto, (max-width: 720px) 100vw, 720px\" \/><\/figure><\/li><\/ul><\/figure>\n","protected":false},"excerpt":{"rendered":"<p>O&nbsp;governador Camilo Santana e o secret\u00e1rio de Sa\u00fade do Estado, Dr. Cabeto, participam nesta segunda-feira, dia 10 de fevereiro, da abertura do F\u00f3rum Estrat\u00e9gico da Sa\u00fade. O evento acontece no Centro de Eventos do Cear\u00e1 e tem como objetivo debater a\u00e7\u00f5es e pol\u00edticas p\u00fablicas para consolidar a \u00e1rea da sa\u00fade como uma fonte geradora de Conhecimento. Durante o evento, a sociedade poder\u00e1 conhecer as principais mudan\u00e7as que est\u00e3o acontecendo na Sa\u00fade do Cear\u00e1. Projetos de transpar\u00eancia, acessibilidade, tecnologia, inova\u00e7\u00e3o&hellip;<\/p>\n","protected":false},"author":1,"featured_media":15565,"comment_status":"open","ping_status":"open","sticky":false,"template":"","format":"standard","meta":{"footnotes":""},"categories":[1],"tags":[],"class_list":["post-15564","post","type-post","status-publish","format-standard","has-post-thumbnail","hentry","category-noticias"],"_links":{"self":[{"href":"https:\/\/blogdorogeriogomes.com.br\/noticias\/wp-json\/wp\/v2\/posts\/15564","targetHints":{"allow":["GET"]}}],"collection":[{"href":"https:\/\/blogdorogeriogomes.com.br\/noticias\/wp-json\/wp\/v2\/posts"}],"about":[{"href":"https:\/\/blogdorogeriogomes.com.br\/noticias\/wp-json\/wp\/v2\/types\/post"}],"author":[{"embeddable":true,"href":"https:\/\/blogdorogeriogomes.com.br\/noticias\/wp-json\/wp\/v2\/users\/1"}],"replies":[{"embeddable":true,"href":"https:\/\/blogdorogeriogomes.com.br\/noticias\/wp-json\/wp\/v2\/comments?post=15564"}],"version-history":[{"count":2,"href":"https:\/\/blogdorogeriogomes.com.br\/noticias\/wp-json\/wp\/v2\/posts\/15564\/revisions"}],"predecessor-version":[{"id":15570,"href":"https:\/\/blogdorogeriogomes.com.br\/noticias\/wp-json\/wp\/v2\/posts\/15564\/revisions\/15570"}],"wp:featuredmedia":[{"embeddable":true,"href":"https:\/\/blogdorogeriogomes.com.br\/noticias\/wp-json\/wp\/v2\/media\/15565"}],"wp:attachment":[{"href":"https:\/\/blogdorogeriogomes.com.br\/noticias\/wp-json\/wp\/v2\/media?parent=15564"}],"wp:term":[{"taxonomy":"category","embeddable":true,"href":"https:\/\/blogdorogeriogomes.com.br\/noticias\/wp-json\/wp\/v2\/categories?post=15564"},{"taxonomy":"post_tag","embeddable":true,"href":"https:\/\/blogdorogeriogomes.com.br\/noticias\/wp-json\/wp\/v2\/tags?post=15564"}],"curies":[{"name":"wp","href":"https:\/\/api.w.org\/{rel}","templated":true}]}}