{"id":15567,"date":"2020-02-10T09:25:53","date_gmt":"2020-02-10T09:25:53","guid":{"rendered":"http:\/\/blogdorogeriogomes.com.br\/?p=15567"},"modified":"2020-02-10T10:59:27","modified_gmt":"2020-02-10T10:59:27","slug":"prefeito-roberto-claudio-anuncia-entrega-de-novo-centro-cirurgico-do-ijf2","status":"publish","type":"post","link":"https:\/\/blogdorogeriogomes.com.br\/noticias\/2020\/02\/prefeito-roberto-claudio-anuncia-entrega-de-novo-centro-cirurgico-do-ijf2\/","title":{"rendered":"Prefeito Roberto Cl\u00e1udio anuncia entrega de novo centro cir\u00fargico do IJF2"},"content":{"rendered":"\n<p>O prefeito de Fortaleza, Roberto Claudio, visitou, no \u00faltimo fim de semana, as obras do Instituto Doutor Jos\u00e9 Frota 2. Aliada a outra unidade j\u00e1 existente, o IJF \u00e9 o principal Centro M\u00e9dico da Rede Municipal de Sa\u00fade, refer\u00eancia no atendimento de trauma e que ter\u00e1 praticamente duplicada a sua capacidade de realizar cirurgias, passando de 900 cirurgias\/m\u00eas atualmente para 1.700 cirurgias por m\u00eas, a partir da inaugura\u00e7\u00e3o do novo centro cir\u00fargico que acontecer\u00e1 nesta pr\u00f3xima semana. <br>\nSomente no ano de 2019, o IJF atendeu 78.036 pacientes no Setor de Emerg\u00eancia. Com a expans\u00e3o, o Centro M\u00e9dico do IJF ganhar\u00e1 mais nove novas salas de cirurgia, totalizando 20, um novo servi\u00e7o de Hemodin\u00e2mica, 24 novos leitos de recupera\u00e7\u00e3o p\u00f3s-anest\u00e9sica, totalizando 32 leitos. <br>\n<\/p>\n\n\n\n<figure class=\"wp-block-gallery columns-1 is-cropped wp-block-gallery-1 is-layout-flex wp-block-gallery-is-layout-flex\"><ul class=\"blocks-gallery-grid\"><li class=\"blocks-gallery-item\"><figure><img loading=\"lazy\" decoding=\"async\" width=\"1024\" height=\"601\" src=\"http:\/\/blogdorogeriogomes.com.br\/wp-content\/uploads\/2020\/02\/Visita-obras-IJF2-0802_Kiko-Silva-1024x601.jpg\" alt=\"\" data-id=\"15568\" data-full-url=\"http:\/\/blogdorogeriogomes.com.br\/wp-content\/uploads\/2020\/02\/Visita-obras-IJF2-0802_Kiko-Silva.jpg\" data-link=\"http:\/\/blogdorogeriogomes.com.br\/?attachment_id=15568\" class=\"wp-image-15568\" srcset=\"https:\/\/blogdorogeriogomes.com.br\/noticias\/wp-content\/uploads\/2020\/02\/Visita-obras-IJF2-0802_Kiko-Silva-1024x601.jpg 1024w, https:\/\/blogdorogeriogomes.com.br\/noticias\/wp-content\/uploads\/2020\/02\/Visita-obras-IJF2-0802_Kiko-Silva-300x176.jpg 300w, https:\/\/blogdorogeriogomes.com.br\/noticias\/wp-content\/uploads\/2020\/02\/Visita-obras-IJF2-0802_Kiko-Silva-768x451.jpg 768w, https:\/\/blogdorogeriogomes.com.br\/noticias\/wp-content\/uploads\/2020\/02\/Visita-obras-IJF2-0802_Kiko-Silva-1536x902.jpg 1536w, https:\/\/blogdorogeriogomes.com.br\/noticias\/wp-content\/uploads\/2020\/02\/Visita-obras-IJF2-0802_Kiko-Silva-800x470.jpg 800w, https:\/\/blogdorogeriogomes.com.br\/noticias\/wp-content\/uploads\/2020\/02\/Visita-obras-IJF2-0802_Kiko-Silva.jpg 1900w\" sizes=\"auto, (max-width: 1024px) 100vw, 1024px\" \/><\/figure><\/li><\/ul><\/figure>\n","protected":false},"excerpt":{"rendered":"<p>O prefeito de Fortaleza, Roberto Claudio, visitou, no \u00faltimo fim de semana, as obras do Instituto Doutor Jos\u00e9 Frota 2. Aliada a outra unidade j\u00e1 existente, o IJF \u00e9 o principal Centro M\u00e9dico da Rede Municipal de Sa\u00fade, refer\u00eancia no atendimento de trauma e que ter\u00e1 praticamente duplicada a sua capacidade de realizar cirurgias, passando de 900 cirurgias\/m\u00eas atualmente para 1.700 cirurgias por m\u00eas, a partir da inaugura\u00e7\u00e3o do novo centro cir\u00fargico que acontecer\u00e1 nesta pr\u00f3xima semana. Somente no&hellip;<\/p>\n","protected":false},"author":1,"featured_media":15568,"comment_status":"open","ping_status":"open","sticky":false,"template":"","format":"standard","meta":{"footnotes":""},"categories":[1],"tags":[],"class_list":["post-15567","post","type-post","status-publish","format-standard","has-post-thumbnail","hentry","category-noticias"],"_links":{"self":[{"href":"https:\/\/blogdorogeriogomes.com.br\/noticias\/wp-json\/wp\/v2\/posts\/15567","targetHints":{"allow":["GET"]}}],"collection":[{"href":"https:\/\/blogdorogeriogomes.com.br\/noticias\/wp-json\/wp\/v2\/posts"}],"about":[{"href":"https:\/\/blogdorogeriogomes.com.br\/noticias\/wp-json\/wp\/v2\/types\/post"}],"author":[{"embeddable":true,"href":"https:\/\/blogdorogeriogomes.com.br\/noticias\/wp-json\/wp\/v2\/users\/1"}],"replies":[{"embeddable":true,"href":"https:\/\/blogdorogeriogomes.com.br\/noticias\/wp-json\/wp\/v2\/comments?post=15567"}],"version-history":[{"count":1,"href":"https:\/\/blogdorogeriogomes.com.br\/noticias\/wp-json\/wp\/v2\/posts\/15567\/revisions"}],"predecessor-version":[{"id":15569,"href":"https:\/\/blogdorogeriogomes.com.br\/noticias\/wp-json\/wp\/v2\/posts\/15567\/revisions\/15569"}],"wp:featuredmedia":[{"embeddable":true,"href":"https:\/\/blogdorogeriogomes.com.br\/noticias\/wp-json\/wp\/v2\/media\/15568"}],"wp:attachment":[{"href":"https:\/\/blogdorogeriogomes.com.br\/noticias\/wp-json\/wp\/v2\/media?parent=15567"}],"wp:term":[{"taxonomy":"category","embeddable":true,"href":"https:\/\/blogdorogeriogomes.com.br\/noticias\/wp-json\/wp\/v2\/categories?post=15567"},{"taxonomy":"post_tag","embeddable":true,"href":"https:\/\/blogdorogeriogomes.com.br\/noticias\/wp-json\/wp\/v2\/tags?post=15567"}],"curies":[{"name":"wp","href":"https:\/\/api.w.org\/{rel}","templated":true}]}}