{"id":15578,"date":"2020-02-11T08:20:54","date_gmt":"2020-02-11T08:20:54","guid":{"rendered":"http:\/\/blogdorogeriogomes.com.br\/?p=15578"},"modified":"2020-02-13T08:22:49","modified_gmt":"2020-02-13T08:22:49","slug":"ufc-divulga-aprovados-no-sisu-2020-hora-de-ficar-de-olho-nas-inscricoes","status":"publish","type":"post","link":"https:\/\/blogdorogeriogomes.com.br\/noticias\/2020\/02\/ufc-divulga-aprovados-no-sisu-2020-hora-de-ficar-de-olho-nas-inscricoes\/","title":{"rendered":"UFC divulga aprovados no Sisu 2020. Hora de ficar de olho nas inscri\u00e7\u00f5es"},"content":{"rendered":"\n<p>Aten\u00e7\u00e3o aos candidatos a uma vaga no Ensino Superior: a Universidade Federal do Cear\u00e1 (UFC) divulgou a rela\u00e7\u00e3o com os candidatos aprovados na Lista de Espera do Sistema de Sele\u00e7\u00e3o Unificada (Sisu) 2020.&nbsp;Segundo a UFC, 29.882 estudantes de cursos de gradua\u00e7\u00e3o se inscreveram. Aprovados ou n\u00e3o devem comparecer na Pr\u00f3-Reitoria de Gradua\u00e7\u00e3o, no Campus do Pici, entre os dias 11 e 13 de fevereiro. <br>\nMesmo quem n\u00e3o foi classificado deve ficar atento, porque ainda pode ter chances de ingressar no curso escolhido. Basta se inscrever como suplente e esperar que surja alguma vaga por desist\u00eancia ou cancelamento de matr\u00edcula.<\/p>\n\n\n\n<figure class=\"wp-block-gallery columns-1 is-cropped wp-block-gallery-1 is-layout-flex wp-block-gallery-is-layout-flex\"><ul class=\"blocks-gallery-grid\"><li class=\"blocks-gallery-item\"><figure><img loading=\"lazy\" decoding=\"async\" width=\"674\" height=\"455\" src=\"http:\/\/blogdorogeriogomes.com.br\/wp-content\/uploads\/2020\/02\/images-10.jpeg\" alt=\"\" data-id=\"15579\" data-full-url=\"http:\/\/blogdorogeriogomes.com.br\/wp-content\/uploads\/2020\/02\/images-10.jpeg\" data-link=\"http:\/\/blogdorogeriogomes.com.br\/?attachment_id=15579\" class=\"wp-image-15579\" srcset=\"https:\/\/blogdorogeriogomes.com.br\/noticias\/wp-content\/uploads\/2020\/02\/images-10.jpeg 674w, https:\/\/blogdorogeriogomes.com.br\/noticias\/wp-content\/uploads\/2020\/02\/images-10-300x203.jpeg 300w\" sizes=\"auto, (max-width: 674px) 100vw, 674px\" \/><\/figure><\/li><\/ul><\/figure>\n","protected":false},"excerpt":{"rendered":"<p>Aten\u00e7\u00e3o aos candidatos a uma vaga no Ensino Superior: a Universidade Federal do Cear\u00e1 (UFC) divulgou a rela\u00e7\u00e3o com os candidatos aprovados na Lista de Espera do Sistema de Sele\u00e7\u00e3o Unificada (Sisu) 2020.&nbsp;Segundo a UFC, 29.882 estudantes de cursos de gradua\u00e7\u00e3o se inscreveram. Aprovados ou n\u00e3o devem comparecer na Pr\u00f3-Reitoria de Gradua\u00e7\u00e3o, no Campus do Pici, entre os dias 11 e 13 de fevereiro. Mesmo quem n\u00e3o foi classificado deve ficar atento, porque ainda pode ter chances de ingressar&hellip;<\/p>\n","protected":false},"author":1,"featured_media":15579,"comment_status":"open","ping_status":"open","sticky":false,"template":"","format":"standard","meta":{"footnotes":""},"categories":[1],"tags":[],"class_list":["post-15578","post","type-post","status-publish","format-standard","has-post-thumbnail","hentry","category-noticias"],"_links":{"self":[{"href":"https:\/\/blogdorogeriogomes.com.br\/noticias\/wp-json\/wp\/v2\/posts\/15578","targetHints":{"allow":["GET"]}}],"collection":[{"href":"https:\/\/blogdorogeriogomes.com.br\/noticias\/wp-json\/wp\/v2\/posts"}],"about":[{"href":"https:\/\/blogdorogeriogomes.com.br\/noticias\/wp-json\/wp\/v2\/types\/post"}],"author":[{"embeddable":true,"href":"https:\/\/blogdorogeriogomes.com.br\/noticias\/wp-json\/wp\/v2\/users\/1"}],"replies":[{"embeddable":true,"href":"https:\/\/blogdorogeriogomes.com.br\/noticias\/wp-json\/wp\/v2\/comments?post=15578"}],"version-history":[{"count":1,"href":"https:\/\/blogdorogeriogomes.com.br\/noticias\/wp-json\/wp\/v2\/posts\/15578\/revisions"}],"predecessor-version":[{"id":15580,"href":"https:\/\/blogdorogeriogomes.com.br\/noticias\/wp-json\/wp\/v2\/posts\/15578\/revisions\/15580"}],"wp:featuredmedia":[{"embeddable":true,"href":"https:\/\/blogdorogeriogomes.com.br\/noticias\/wp-json\/wp\/v2\/media\/15579"}],"wp:attachment":[{"href":"https:\/\/blogdorogeriogomes.com.br\/noticias\/wp-json\/wp\/v2\/media?parent=15578"}],"wp:term":[{"taxonomy":"category","embeddable":true,"href":"https:\/\/blogdorogeriogomes.com.br\/noticias\/wp-json\/wp\/v2\/categories?post=15578"},{"taxonomy":"post_tag","embeddable":true,"href":"https:\/\/blogdorogeriogomes.com.br\/noticias\/wp-json\/wp\/v2\/tags?post=15578"}],"curies":[{"name":"wp","href":"https:\/\/api.w.org\/{rel}","templated":true}]}}