{"id":15581,"date":"2020-02-11T08:39:41","date_gmt":"2020-02-11T08:39:41","guid":{"rendered":"http:\/\/blogdorogeriogomes.com.br\/?p=15581"},"modified":"2020-02-13T08:22:30","modified_gmt":"2020-02-13T08:22:30","slug":"ex-presidente-lula-se-reune-com-papa-francisco-na-proxima-quinta-feira-no-vaticano","status":"publish","type":"post","link":"https:\/\/blogdorogeriogomes.com.br\/noticias\/2020\/02\/ex-presidente-lula-se-reune-com-papa-francisco-na-proxima-quinta-feira-no-vaticano\/","title":{"rendered":"Ex-presidente Lula se re\u00fane com Papa Francisco na pr\u00f3xima quinta-feira no Vaticano"},"content":{"rendered":"\n<p>O ex-presidente Lula viaja, nesta ter\u00e7a-feira, dia 11 de fevereiro, para o Vaticano, onde se reunir\u00e1 com o Papa Francisco na pr\u00f3xima quinta-feira, dia 13. No encontro, Lula deve abordar com o Papa o combate \u00e0 fome, \u00e0 desigualdade e \u00e0 intoler\u00e2ncia. O encontro foi intermediado pelo presidente argentino Alberto Fern\u00e1ndez, em visita ao Vaticano no \u00fatlimo dia 31 de janeiro.<br>\n\u201cEu acho que ele (Papa Francisco) tem se notabilizado pela coer\u00eancia. Ele tem se notabilizado na tentativa de fazer com que a Igreja Cat\u00f3lica tenha um compromisso maior com o povo pobre. Ele tem um compromisso de defender os direitos humanos muito forte e tem feito sinais pra humanidade muito positivos\u201d, afirmou Lula.<\/p>\n\n\n\n<figure class=\"wp-block-gallery columns-1 is-cropped wp-block-gallery-1 is-layout-flex wp-block-gallery-is-layout-flex\"><ul class=\"blocks-gallery-grid\"><li class=\"blocks-gallery-item\"><figure><img loading=\"lazy\" decoding=\"async\" width=\"678\" height=\"452\" src=\"http:\/\/blogdorogeriogomes.com.br\/wp-content\/uploads\/2020\/02\/images-11.jpeg\" alt=\"\" data-id=\"15582\" data-full-url=\"http:\/\/blogdorogeriogomes.com.br\/wp-content\/uploads\/2020\/02\/images-11.jpeg\" data-link=\"http:\/\/blogdorogeriogomes.com.br\/?attachment_id=15582\" class=\"wp-image-15582\" srcset=\"https:\/\/blogdorogeriogomes.com.br\/noticias\/wp-content\/uploads\/2020\/02\/images-11.jpeg 678w, https:\/\/blogdorogeriogomes.com.br\/noticias\/wp-content\/uploads\/2020\/02\/images-11-300x200.jpeg 300w\" sizes=\"auto, (max-width: 678px) 100vw, 678px\" \/><\/figure><\/li><\/ul><\/figure>\n","protected":false},"excerpt":{"rendered":"<p>O ex-presidente Lula viaja, nesta ter\u00e7a-feira, dia 11 de fevereiro, para o Vaticano, onde se reunir\u00e1 com o Papa Francisco na pr\u00f3xima quinta-feira, dia 13. No encontro, Lula deve abordar com o Papa o combate \u00e0 fome, \u00e0 desigualdade e \u00e0 intoler\u00e2ncia. O encontro foi intermediado pelo presidente argentino Alberto Fern\u00e1ndez, em visita ao Vaticano no \u00fatlimo dia 31 de janeiro. \u201cEu acho que ele (Papa Francisco) tem se notabilizado pela coer\u00eancia. Ele tem se notabilizado na tentativa de&hellip;<\/p>\n","protected":false},"author":1,"featured_media":15582,"comment_status":"open","ping_status":"open","sticky":false,"template":"","format":"standard","meta":{"footnotes":""},"categories":[1],"tags":[],"class_list":["post-15581","post","type-post","status-publish","format-standard","has-post-thumbnail","hentry","category-noticias"],"_links":{"self":[{"href":"https:\/\/blogdorogeriogomes.com.br\/noticias\/wp-json\/wp\/v2\/posts\/15581","targetHints":{"allow":["GET"]}}],"collection":[{"href":"https:\/\/blogdorogeriogomes.com.br\/noticias\/wp-json\/wp\/v2\/posts"}],"about":[{"href":"https:\/\/blogdorogeriogomes.com.br\/noticias\/wp-json\/wp\/v2\/types\/post"}],"author":[{"embeddable":true,"href":"https:\/\/blogdorogeriogomes.com.br\/noticias\/wp-json\/wp\/v2\/users\/1"}],"replies":[{"embeddable":true,"href":"https:\/\/blogdorogeriogomes.com.br\/noticias\/wp-json\/wp\/v2\/comments?post=15581"}],"version-history":[{"count":1,"href":"https:\/\/blogdorogeriogomes.com.br\/noticias\/wp-json\/wp\/v2\/posts\/15581\/revisions"}],"predecessor-version":[{"id":15583,"href":"https:\/\/blogdorogeriogomes.com.br\/noticias\/wp-json\/wp\/v2\/posts\/15581\/revisions\/15583"}],"wp:featuredmedia":[{"embeddable":true,"href":"https:\/\/blogdorogeriogomes.com.br\/noticias\/wp-json\/wp\/v2\/media\/15582"}],"wp:attachment":[{"href":"https:\/\/blogdorogeriogomes.com.br\/noticias\/wp-json\/wp\/v2\/media?parent=15581"}],"wp:term":[{"taxonomy":"category","embeddable":true,"href":"https:\/\/blogdorogeriogomes.com.br\/noticias\/wp-json\/wp\/v2\/categories?post=15581"},{"taxonomy":"post_tag","embeddable":true,"href":"https:\/\/blogdorogeriogomes.com.br\/noticias\/wp-json\/wp\/v2\/tags?post=15581"}],"curies":[{"name":"wp","href":"https:\/\/api.w.org\/{rel}","templated":true}]}}