{"id":15584,"date":"2020-02-11T21:06:33","date_gmt":"2020-02-11T21:06:33","guid":{"rendered":"http:\/\/blogdorogeriogomes.com.br\/?p=15584"},"modified":"2020-02-13T08:22:14","modified_gmt":"2020-02-13T08:22:14","slug":"governadores-cobram-ministro-paulo-guedes-sobre-promessa-de-zerar-tributos-federais-nos-combustiveis","status":"publish","type":"post","link":"https:\/\/blogdorogeriogomes.com.br\/noticias\/2020\/02\/governadores-cobram-ministro-paulo-guedes-sobre-promessa-de-zerar-tributos-federais-nos-combustiveis\/","title":{"rendered":"Governadores cobram ministro Paulo Guedes sobre promessa de zerar tributos federais nos combust\u00edveis"},"content":{"rendered":"\n<p>Governadores de todo o Pa\u00eds, entre eles, Camilo Santana, do Cear\u00e1, se reuniram com o ministro da Fazenda, Paulo Guedes, nesta ter\u00e7a-feira, dia 11 de fevereiro, em Bras\u00edlia. Na pauta, a promessa do presidente Jair Bolsonaro&nbsp;de zerar os tributos federais (Cide e PIS\/Cofins) sobre os combust\u00edveis&nbsp;caso os gestores estaduais zerassem o ICMS. Segundo os governadores, n\u00e3o h\u00e1 como estados abrirem m\u00e3o das receitas do ICMS de forma imediata. Paulo Guedes teria sinalizado que s\u00f3 ser\u00e1 poss\u00edvel mexer em tributos ap\u00f3s aprova\u00e7\u00e3o da reforma tribut\u00e1ria, que ainda ser\u00e1 encaminhada ao Congresso Nacional.<br>\n&#8220;Quem define pre\u00e7o de combust\u00edveis \u00e9 o Governo Federal e n\u00e3o os estados. Ali\u00e1s, Governo Federal que fica com 68% de todos os impostos arrecadados no Pa\u00eds&#8221;, declarou o governador Camilo Santana atrav\u00e9s das suas redes sociais.<br>\n&#8220;Uma fala curta do presidente deflagrou em uma parcela da popula\u00e7\u00e3o uma compreens\u00e3o equivocada que h\u00e1 a possibilidade de zerar o ICMS, mas s\u00f3 no Rio Grande do Sul temos R$ 6 bilh\u00f5es em arrecada\u00e7\u00e3o com o tributo. N\u00e3o tem como se falar em zerar o ICMS do combust\u00edvel&#8221;, acrescentou o governador Eduardo Leite, do Rio Grande do Sul.<\/p>\n\n\n\n<figure class=\"wp-block-gallery columns-1 is-cropped wp-block-gallery-1 is-layout-flex wp-block-gallery-is-layout-flex\"><ul class=\"blocks-gallery-grid\"><li class=\"blocks-gallery-item\"><figure><img loading=\"lazy\" decoding=\"async\" width=\"1024\" height=\"821\" src=\"http:\/\/blogdorogeriogomes.com.br\/wp-content\/uploads\/2020\/02\/83790127_2638281443071099_8457723180662915072_o-11700954-1024x821.jpg\" alt=\"\" data-id=\"15585\" data-full-url=\"http:\/\/blogdorogeriogomes.com.br\/wp-content\/uploads\/2020\/02\/83790127_2638281443071099_8457723180662915072_o-11700954.jpg\" data-link=\"http:\/\/blogdorogeriogomes.com.br\/?attachment_id=15585\" class=\"wp-image-15585\" srcset=\"https:\/\/blogdorogeriogomes.com.br\/noticias\/wp-content\/uploads\/2020\/02\/83790127_2638281443071099_8457723180662915072_o-11700954-1024x821.jpg 1024w, https:\/\/blogdorogeriogomes.com.br\/noticias\/wp-content\/uploads\/2020\/02\/83790127_2638281443071099_8457723180662915072_o-11700954-300x241.jpg 300w, https:\/\/blogdorogeriogomes.com.br\/noticias\/wp-content\/uploads\/2020\/02\/83790127_2638281443071099_8457723180662915072_o-11700954-768x616.jpg 768w, https:\/\/blogdorogeriogomes.com.br\/noticias\/wp-content\/uploads\/2020\/02\/83790127_2638281443071099_8457723180662915072_o-11700954-800x641.jpg 800w, https:\/\/blogdorogeriogomes.com.br\/noticias\/wp-content\/uploads\/2020\/02\/83790127_2638281443071099_8457723180662915072_o-11700954.jpg 1140w\" sizes=\"auto, (max-width: 1024px) 100vw, 1024px\" \/><\/figure><\/li><\/ul><\/figure>\n","protected":false},"excerpt":{"rendered":"<p>Governadores de todo o Pa\u00eds, entre eles, Camilo Santana, do Cear\u00e1, se reuniram com o ministro da Fazenda, Paulo Guedes, nesta ter\u00e7a-feira, dia 11 de fevereiro, em Bras\u00edlia. Na pauta, a promessa do presidente Jair Bolsonaro&nbsp;de zerar os tributos federais (Cide e PIS\/Cofins) sobre os combust\u00edveis&nbsp;caso os gestores estaduais zerassem o ICMS. Segundo os governadores, n\u00e3o h\u00e1 como estados abrirem m\u00e3o das receitas do ICMS de forma imediata. Paulo Guedes teria sinalizado que s\u00f3 ser\u00e1 poss\u00edvel mexer em tributos&hellip;<\/p>\n","protected":false},"author":1,"featured_media":15585,"comment_status":"open","ping_status":"open","sticky":false,"template":"","format":"standard","meta":{"footnotes":""},"categories":[1],"tags":[],"class_list":["post-15584","post","type-post","status-publish","format-standard","has-post-thumbnail","hentry","category-noticias"],"_links":{"self":[{"href":"https:\/\/blogdorogeriogomes.com.br\/noticias\/wp-json\/wp\/v2\/posts\/15584","targetHints":{"allow":["GET"]}}],"collection":[{"href":"https:\/\/blogdorogeriogomes.com.br\/noticias\/wp-json\/wp\/v2\/posts"}],"about":[{"href":"https:\/\/blogdorogeriogomes.com.br\/noticias\/wp-json\/wp\/v2\/types\/post"}],"author":[{"embeddable":true,"href":"https:\/\/blogdorogeriogomes.com.br\/noticias\/wp-json\/wp\/v2\/users\/1"}],"replies":[{"embeddable":true,"href":"https:\/\/blogdorogeriogomes.com.br\/noticias\/wp-json\/wp\/v2\/comments?post=15584"}],"version-history":[{"count":1,"href":"https:\/\/blogdorogeriogomes.com.br\/noticias\/wp-json\/wp\/v2\/posts\/15584\/revisions"}],"predecessor-version":[{"id":15586,"href":"https:\/\/blogdorogeriogomes.com.br\/noticias\/wp-json\/wp\/v2\/posts\/15584\/revisions\/15586"}],"wp:featuredmedia":[{"embeddable":true,"href":"https:\/\/blogdorogeriogomes.com.br\/noticias\/wp-json\/wp\/v2\/media\/15585"}],"wp:attachment":[{"href":"https:\/\/blogdorogeriogomes.com.br\/noticias\/wp-json\/wp\/v2\/media?parent=15584"}],"wp:term":[{"taxonomy":"category","embeddable":true,"href":"https:\/\/blogdorogeriogomes.com.br\/noticias\/wp-json\/wp\/v2\/categories?post=15584"},{"taxonomy":"post_tag","embeddable":true,"href":"https:\/\/blogdorogeriogomes.com.br\/noticias\/wp-json\/wp\/v2\/tags?post=15584"}],"curies":[{"name":"wp","href":"https:\/\/api.w.org\/{rel}","templated":true}]}}