{"id":15587,"date":"2020-02-11T21:26:09","date_gmt":"2020-02-11T21:26:09","guid":{"rendered":"http:\/\/blogdorogeriogomes.com.br\/?p=15587"},"modified":"2020-02-13T08:22:01","modified_gmt":"2020-02-13T08:22:01","slug":"vereadores-da-capital-aprovam-reajuste-dos-proprios-salarios-e-do-funcionalismo-municipal-em-431","status":"publish","type":"post","link":"https:\/\/blogdorogeriogomes.com.br\/noticias\/2020\/02\/vereadores-da-capital-aprovam-reajuste-dos-proprios-salarios-e-do-funcionalismo-municipal-em-431\/","title":{"rendered":"Vereadores da Capital aprovam reajuste dos pr\u00f3prios sal\u00e1rios e do funcionalismo municipal em 4,31%"},"content":{"rendered":"\n<p>Os vereadores de Fortaleza aprovaram, nesta ter\u00e7a-feira, dia 11 de fevereiro, um aumento de 4,31% nos pr\u00f3prios sal\u00e1rios, dos funcion\u00e1rios da Casa e tamb\u00e9m de todos os servidores municipais da Capital. O percentual corrige a infla\u00e7\u00e3o pelo \u00cdndice Nacional de Pre\u00e7os ao Consumidor Amplo (IPCA), apurado em 2019.<br>\nTamb\u00e9m foi aprovado o regime de urg\u00eancia do projeto de autoria do prefeito Roberto Cl\u00e1udio, que concede reajuste aos profissionais do magist\u00e9rio e aos assistentes de educa\u00e7\u00e3o infantil do munic\u00edpio de Fortaleza. A medida visa garantir o pagamento do Piso Nacional do Magist\u00e9rio, que foi estabelecido em 12,84%.<\/p>\n\n\n\n<figure class=\"wp-block-gallery columns-1 is-cropped wp-block-gallery-1 is-layout-flex wp-block-gallery-is-layout-flex\"><ul class=\"blocks-gallery-grid\"><li class=\"blocks-gallery-item\"><figure><img loading=\"lazy\" decoding=\"async\" width=\"1024\" height=\"680\" src=\"http:\/\/blogdorogeriogomes.com.br\/wp-content\/uploads\/2020\/02\/DSC_0254-1024x680.jpg\" alt=\"\" data-id=\"15588\" data-full-url=\"http:\/\/blogdorogeriogomes.com.br\/wp-content\/uploads\/2020\/02\/DSC_0254-scaled.jpg\" data-link=\"http:\/\/blogdorogeriogomes.com.br\/?attachment_id=15588\" class=\"wp-image-15588\" srcset=\"https:\/\/blogdorogeriogomes.com.br\/noticias\/wp-content\/uploads\/2020\/02\/DSC_0254-1024x680.jpg 1024w, https:\/\/blogdorogeriogomes.com.br\/noticias\/wp-content\/uploads\/2020\/02\/DSC_0254-300x199.jpg 300w, https:\/\/blogdorogeriogomes.com.br\/noticias\/wp-content\/uploads\/2020\/02\/DSC_0254-768x510.jpg 768w, https:\/\/blogdorogeriogomes.com.br\/noticias\/wp-content\/uploads\/2020\/02\/DSC_0254-1536x1020.jpg 1536w, https:\/\/blogdorogeriogomes.com.br\/noticias\/wp-content\/uploads\/2020\/02\/DSC_0254-2048x1360.jpg 2048w, https:\/\/blogdorogeriogomes.com.br\/noticias\/wp-content\/uploads\/2020\/02\/DSC_0254-800x531.jpg 800w\" sizes=\"auto, (max-width: 1024px) 100vw, 1024px\" \/><\/figure><\/li><\/ul><\/figure>\n","protected":false},"excerpt":{"rendered":"<p>Os vereadores de Fortaleza aprovaram, nesta ter\u00e7a-feira, dia 11 de fevereiro, um aumento de 4,31% nos pr\u00f3prios sal\u00e1rios, dos funcion\u00e1rios da Casa e tamb\u00e9m de todos os servidores municipais da Capital. O percentual corrige a infla\u00e7\u00e3o pelo \u00cdndice Nacional de Pre\u00e7os ao Consumidor Amplo (IPCA), apurado em 2019. Tamb\u00e9m foi aprovado o regime de urg\u00eancia do projeto de autoria do prefeito Roberto Cl\u00e1udio, que concede reajuste aos profissionais do magist\u00e9rio e aos assistentes de educa\u00e7\u00e3o infantil do munic\u00edpio de&hellip;<\/p>\n","protected":false},"author":1,"featured_media":15588,"comment_status":"open","ping_status":"open","sticky":false,"template":"","format":"standard","meta":{"footnotes":""},"categories":[1],"tags":[],"class_list":["post-15587","post","type-post","status-publish","format-standard","has-post-thumbnail","hentry","category-noticias"],"_links":{"self":[{"href":"https:\/\/blogdorogeriogomes.com.br\/noticias\/wp-json\/wp\/v2\/posts\/15587","targetHints":{"allow":["GET"]}}],"collection":[{"href":"https:\/\/blogdorogeriogomes.com.br\/noticias\/wp-json\/wp\/v2\/posts"}],"about":[{"href":"https:\/\/blogdorogeriogomes.com.br\/noticias\/wp-json\/wp\/v2\/types\/post"}],"author":[{"embeddable":true,"href":"https:\/\/blogdorogeriogomes.com.br\/noticias\/wp-json\/wp\/v2\/users\/1"}],"replies":[{"embeddable":true,"href":"https:\/\/blogdorogeriogomes.com.br\/noticias\/wp-json\/wp\/v2\/comments?post=15587"}],"version-history":[{"count":1,"href":"https:\/\/blogdorogeriogomes.com.br\/noticias\/wp-json\/wp\/v2\/posts\/15587\/revisions"}],"predecessor-version":[{"id":15589,"href":"https:\/\/blogdorogeriogomes.com.br\/noticias\/wp-json\/wp\/v2\/posts\/15587\/revisions\/15589"}],"wp:featuredmedia":[{"embeddable":true,"href":"https:\/\/blogdorogeriogomes.com.br\/noticias\/wp-json\/wp\/v2\/media\/15588"}],"wp:attachment":[{"href":"https:\/\/blogdorogeriogomes.com.br\/noticias\/wp-json\/wp\/v2\/media?parent=15587"}],"wp:term":[{"taxonomy":"category","embeddable":true,"href":"https:\/\/blogdorogeriogomes.com.br\/noticias\/wp-json\/wp\/v2\/categories?post=15587"},{"taxonomy":"post_tag","embeddable":true,"href":"https:\/\/blogdorogeriogomes.com.br\/noticias\/wp-json\/wp\/v2\/tags?post=15587"}],"curies":[{"name":"wp","href":"https:\/\/api.w.org\/{rel}","templated":true}]}}