{"id":15590,"date":"2020-02-12T08:25:06","date_gmt":"2020-02-12T08:25:06","guid":{"rendered":"http:\/\/blogdorogeriogomes.com.br\/?p=15590"},"modified":"2020-02-13T08:21:41","modified_gmt":"2020-02-13T08:21:41","slug":"bolsonaro-exclui-governadores-do-novo-conselho-nacional-da-amazonia-legal","status":"publish","type":"post","link":"https:\/\/blogdorogeriogomes.com.br\/noticias\/2020\/02\/bolsonaro-exclui-governadores-do-novo-conselho-nacional-da-amazonia-legal\/","title":{"rendered":"Bolsonaro exclui governadores do novo Conselho Nacional da Amaz\u00f4nia Legal"},"content":{"rendered":"\n<p>O presidente Jair Bolsonaro transferiu o Conselho Nacional da Amaz\u00f4nia Legal do Minist\u00e9rio do Meio Ambiente para a Vice-Presid\u00eancia da Rep\u00fablica. Estranho foi o fato de excluir do Conselho, na nova composi\u00e7\u00e3o, todos os governadores da Amaz\u00f4nia Legal. Ficou mesmo s\u00f3 a turma ligada ao Planalto.<br>\nO colegiado re\u00fane, agora, al\u00e9m da Vice-Presid\u00eancia do General Mour\u00e3o, 14 minist\u00e9rios: Casa Civil, Justi\u00e7a e Seguran\u00e7a P\u00fablica, Defesa, Rela\u00e7\u00f5es Exteriores, Economia, Infraestrutura, Agricultura, Minas e Energia, Ci\u00eancia e Tecnologia, Meio Ambiente, Desenvolvimento Regional, Secretaria-Geral da Presid\u00eancia, Secretaria de Governo e Gabinete de Seguran\u00e7a Institucional da Presid\u00eancia.<br>\nBolsonaro refor\u00e7ou que \u00e9 interesse de seu governo preservar a Amaz\u00f4nia, mas &#8220;n\u00e3o que seus bens fiquem l\u00e1 escondidos para sempre&#8221;. Ou seja, o neg\u00f3cio \u00e9 abrir a regi\u00e3o para a explora\u00e7\u00e3o comercial.<\/p>\n\n\n\n<figure class=\"wp-block-gallery columns-1 is-cropped wp-block-gallery-1 is-layout-flex wp-block-gallery-is-layout-flex\"><ul class=\"blocks-gallery-grid\"><li class=\"blocks-gallery-item\"><figure><img loading=\"lazy\" decoding=\"async\" width=\"1024\" height=\"539\" src=\"http:\/\/blogdorogeriogomes.com.br\/wp-content\/uploads\/2020\/02\/1581463245-1024x539.jpeg\" alt=\"\" data-id=\"15591\" data-full-url=\"http:\/\/blogdorogeriogomes.com.br\/wp-content\/uploads\/2020\/02\/1581463245.jpeg\" data-link=\"http:\/\/blogdorogeriogomes.com.br\/?attachment_id=15591\" class=\"wp-image-15591\" srcset=\"https:\/\/blogdorogeriogomes.com.br\/noticias\/wp-content\/uploads\/2020\/02\/1581463245-1024x539.jpeg 1024w, https:\/\/blogdorogeriogomes.com.br\/noticias\/wp-content\/uploads\/2020\/02\/1581463245-300x158.jpeg 300w, https:\/\/blogdorogeriogomes.com.br\/noticias\/wp-content\/uploads\/2020\/02\/1581463245-768x404.jpeg 768w, https:\/\/blogdorogeriogomes.com.br\/noticias\/wp-content\/uploads\/2020\/02\/1581463245-800x421.jpeg 800w, https:\/\/blogdorogeriogomes.com.br\/noticias\/wp-content\/uploads\/2020\/02\/1581463245.jpeg 1140w\" sizes=\"auto, (max-width: 1024px) 100vw, 1024px\" \/><\/figure><\/li><\/ul><\/figure>\n","protected":false},"excerpt":{"rendered":"<p>O presidente Jair Bolsonaro transferiu o Conselho Nacional da Amaz\u00f4nia Legal do Minist\u00e9rio do Meio Ambiente para a Vice-Presid\u00eancia da Rep\u00fablica. Estranho foi o fato de excluir do Conselho, na nova composi\u00e7\u00e3o, todos os governadores da Amaz\u00f4nia Legal. Ficou mesmo s\u00f3 a turma ligada ao Planalto. O colegiado re\u00fane, agora, al\u00e9m da Vice-Presid\u00eancia do General Mour\u00e3o, 14 minist\u00e9rios: Casa Civil, Justi\u00e7a e Seguran\u00e7a P\u00fablica, Defesa, Rela\u00e7\u00f5es Exteriores, Economia, Infraestrutura, Agricultura, Minas e Energia, Ci\u00eancia e Tecnologia, Meio Ambiente, Desenvolvimento&hellip;<\/p>\n","protected":false},"author":1,"featured_media":15591,"comment_status":"open","ping_status":"open","sticky":false,"template":"","format":"standard","meta":{"footnotes":""},"categories":[1],"tags":[],"class_list":["post-15590","post","type-post","status-publish","format-standard","has-post-thumbnail","hentry","category-noticias"],"_links":{"self":[{"href":"https:\/\/blogdorogeriogomes.com.br\/noticias\/wp-json\/wp\/v2\/posts\/15590","targetHints":{"allow":["GET"]}}],"collection":[{"href":"https:\/\/blogdorogeriogomes.com.br\/noticias\/wp-json\/wp\/v2\/posts"}],"about":[{"href":"https:\/\/blogdorogeriogomes.com.br\/noticias\/wp-json\/wp\/v2\/types\/post"}],"author":[{"embeddable":true,"href":"https:\/\/blogdorogeriogomes.com.br\/noticias\/wp-json\/wp\/v2\/users\/1"}],"replies":[{"embeddable":true,"href":"https:\/\/blogdorogeriogomes.com.br\/noticias\/wp-json\/wp\/v2\/comments?post=15590"}],"version-history":[{"count":1,"href":"https:\/\/blogdorogeriogomes.com.br\/noticias\/wp-json\/wp\/v2\/posts\/15590\/revisions"}],"predecessor-version":[{"id":15592,"href":"https:\/\/blogdorogeriogomes.com.br\/noticias\/wp-json\/wp\/v2\/posts\/15590\/revisions\/15592"}],"wp:featuredmedia":[{"embeddable":true,"href":"https:\/\/blogdorogeriogomes.com.br\/noticias\/wp-json\/wp\/v2\/media\/15591"}],"wp:attachment":[{"href":"https:\/\/blogdorogeriogomes.com.br\/noticias\/wp-json\/wp\/v2\/media?parent=15590"}],"wp:term":[{"taxonomy":"category","embeddable":true,"href":"https:\/\/blogdorogeriogomes.com.br\/noticias\/wp-json\/wp\/v2\/categories?post=15590"},{"taxonomy":"post_tag","embeddable":true,"href":"https:\/\/blogdorogeriogomes.com.br\/noticias\/wp-json\/wp\/v2\/tags?post=15590"}],"curies":[{"name":"wp","href":"https:\/\/api.w.org\/{rel}","templated":true}]}}