{"id":15593,"date":"2020-02-12T08:34:26","date_gmt":"2020-02-12T08:34:26","guid":{"rendered":"http:\/\/blogdorogeriogomes.com.br\/?p=15593"},"modified":"2020-02-13T08:21:30","modified_gmt":"2020-02-13T08:21:30","slug":"governo-e-prefeitura-entregam-nova-etapa-do-ijf2-em-fortaleza","status":"publish","type":"post","link":"https:\/\/blogdorogeriogomes.com.br\/noticias\/2020\/02\/governo-e-prefeitura-entregam-nova-etapa-do-ijf2-em-fortaleza\/","title":{"rendered":"Governo e Prefeitura entregam nova etapa do IJF2 em Fortaleza"},"content":{"rendered":"\n<p>O governador Camilo Santana e o prefeito de Fortaleza, Roberto Cl\u00e1udio, entregam mais uma etapa do projeto de expans\u00e3o das \u00e1reas de atendimento do Instituto Doutor Jos\u00e9 Frota (IJF), nesta quarta-feira, dia 12 de fevereiro, com a inaugura\u00e7\u00e3o do terceiro andar do Anexo IJF 2. Com o novo pavimento, o n\u00famero de salas de cirurgia da maior unidade da Rede Municipal de Sa\u00fade ser\u00e1 ampliado de 11 para 20, e a quantidade de leitos de recupera\u00e7\u00e3o p\u00f3s-anest\u00e9sica passar\u00e1 de 12 para 36.<br>\nA torre do Anexo IJF 2 j\u00e1 conta com 130 novos leitos em pleno funcionamento, nos primeiro e segundo andares, sendo 24 deles na nova Unidade de Interna\u00e7\u00e3o Pedi\u00e1trica.&nbsp;A Prefeitura de Fortaleza tamb\u00e9m est\u00e1 refor\u00e7ando o quadro de profissionais do IJF com a convoca\u00e7\u00e3o de novos servidores. Apenas no \u00faltimo m\u00eas de dezembro, mais de 300 profissionais de n\u00edvel m\u00e9dio e superior foram empossados por meio de concurso p\u00fablico.<\/p>\n\n\n\n<figure class=\"wp-block-gallery columns-1 is-cropped wp-block-gallery-1 is-layout-flex wp-block-gallery-is-layout-flex\"><ul class=\"blocks-gallery-grid\"><li class=\"blocks-gallery-item\"><figure><img loading=\"lazy\" decoding=\"async\" width=\"1024\" height=\"683\" src=\"http:\/\/blogdorogeriogomes.com.br\/wp-content\/uploads\/2020\/02\/IMG_2643-1024x683.jpeg\" alt=\"\" data-id=\"15594\" data-full-url=\"http:\/\/blogdorogeriogomes.com.br\/wp-content\/uploads\/2020\/02\/IMG_2643-scaled.jpeg\" data-link=\"http:\/\/blogdorogeriogomes.com.br\/?attachment_id=15594\" class=\"wp-image-15594\" srcset=\"https:\/\/blogdorogeriogomes.com.br\/noticias\/wp-content\/uploads\/2020\/02\/IMG_2643-1024x683.jpeg 1024w, https:\/\/blogdorogeriogomes.com.br\/noticias\/wp-content\/uploads\/2020\/02\/IMG_2643-300x200.jpeg 300w, https:\/\/blogdorogeriogomes.com.br\/noticias\/wp-content\/uploads\/2020\/02\/IMG_2643-768x512.jpeg 768w, https:\/\/blogdorogeriogomes.com.br\/noticias\/wp-content\/uploads\/2020\/02\/IMG_2643-1536x1024.jpeg 1536w, https:\/\/blogdorogeriogomes.com.br\/noticias\/wp-content\/uploads\/2020\/02\/IMG_2643-2048x1365.jpeg 2048w, https:\/\/blogdorogeriogomes.com.br\/noticias\/wp-content\/uploads\/2020\/02\/IMG_2643-800x533.jpeg 800w\" sizes=\"auto, (max-width: 1024px) 100vw, 1024px\" \/><\/figure><\/li><\/ul><\/figure>\n","protected":false},"excerpt":{"rendered":"<p>O governador Camilo Santana e o prefeito de Fortaleza, Roberto Cl\u00e1udio, entregam mais uma etapa do projeto de expans\u00e3o das \u00e1reas de atendimento do Instituto Doutor Jos\u00e9 Frota (IJF), nesta quarta-feira, dia 12 de fevereiro, com a inaugura\u00e7\u00e3o do terceiro andar do Anexo IJF 2. Com o novo pavimento, o n\u00famero de salas de cirurgia da maior unidade da Rede Municipal de Sa\u00fade ser\u00e1 ampliado de 11 para 20, e a quantidade de leitos de recupera\u00e7\u00e3o p\u00f3s-anest\u00e9sica passar\u00e1 de&hellip;<\/p>\n","protected":false},"author":1,"featured_media":15594,"comment_status":"open","ping_status":"open","sticky":false,"template":"","format":"standard","meta":{"footnotes":""},"categories":[1],"tags":[],"class_list":["post-15593","post","type-post","status-publish","format-standard","has-post-thumbnail","hentry","category-noticias"],"_links":{"self":[{"href":"https:\/\/blogdorogeriogomes.com.br\/noticias\/wp-json\/wp\/v2\/posts\/15593","targetHints":{"allow":["GET"]}}],"collection":[{"href":"https:\/\/blogdorogeriogomes.com.br\/noticias\/wp-json\/wp\/v2\/posts"}],"about":[{"href":"https:\/\/blogdorogeriogomes.com.br\/noticias\/wp-json\/wp\/v2\/types\/post"}],"author":[{"embeddable":true,"href":"https:\/\/blogdorogeriogomes.com.br\/noticias\/wp-json\/wp\/v2\/users\/1"}],"replies":[{"embeddable":true,"href":"https:\/\/blogdorogeriogomes.com.br\/noticias\/wp-json\/wp\/v2\/comments?post=15593"}],"version-history":[{"count":1,"href":"https:\/\/blogdorogeriogomes.com.br\/noticias\/wp-json\/wp\/v2\/posts\/15593\/revisions"}],"predecessor-version":[{"id":15595,"href":"https:\/\/blogdorogeriogomes.com.br\/noticias\/wp-json\/wp\/v2\/posts\/15593\/revisions\/15595"}],"wp:featuredmedia":[{"embeddable":true,"href":"https:\/\/blogdorogeriogomes.com.br\/noticias\/wp-json\/wp\/v2\/media\/15594"}],"wp:attachment":[{"href":"https:\/\/blogdorogeriogomes.com.br\/noticias\/wp-json\/wp\/v2\/media?parent=15593"}],"wp:term":[{"taxonomy":"category","embeddable":true,"href":"https:\/\/blogdorogeriogomes.com.br\/noticias\/wp-json\/wp\/v2\/categories?post=15593"},{"taxonomy":"post_tag","embeddable":true,"href":"https:\/\/blogdorogeriogomes.com.br\/noticias\/wp-json\/wp\/v2\/tags?post=15593"}],"curies":[{"name":"wp","href":"https:\/\/api.w.org\/{rel}","templated":true}]}}