{"id":15596,"date":"2020-02-12T21:35:52","date_gmt":"2020-02-12T21:35:52","guid":{"rendered":"http:\/\/blogdorogeriogomes.com.br\/?p=15596"},"modified":"2020-02-13T08:21:14","modified_gmt":"2020-02-13T08:21:14","slug":"tre-do-ceara-alerta-que-cancelamento-de-titulos-de-quem-nao-fez-a-biometria-deve-acontecer-ate-22-de-marco","status":"publish","type":"post","link":"https:\/\/blogdorogeriogomes.com.br\/noticias\/2020\/02\/tre-do-ceara-alerta-que-cancelamento-de-titulos-de-quem-nao-fez-a-biometria-deve-acontecer-ate-22-de-marco\/","title":{"rendered":"TRE do Cear\u00e1 alerta que cancelamento de t\u00edtulos de quem n\u00e3o fez a biometria deve acontecer at\u00e9 22 de mar\u00e7o"},"content":{"rendered":"\n<p>Mais de 350 mil eleitores em Fortaleza ainda n\u00e3o fizeram o cadastramento biom\u00e9trico, que \u00e9 obrigat\u00f3rio para quem deseja votar nas elei\u00e7\u00f5es municipais de 2020. Como j\u00e1 foi anunciado desde o ano passado pelo Tribunal Regional Eleitoral do Cear\u00e1, os t\u00edtulos eleitorais de quem n\u00e3o fez a biometria devem ser cancelados at\u00e9 o dia 22 de mar\u00e7o. <br>\n\u00c9 bom lembrar que os postos de atendimento do TRE em Fortaleza ainda continuam fazendo o atendimento de quem n\u00e3o fez o cadastramento. Ainda \u00e9 poss\u00edvel tamb\u00e9m fazer o agendamento atrav\u00e9s do site da Justi\u00e7a Eleitoral e por meio do Disque Eleitor, pelo n\u00famero 148. <br>\nEntre os preju\u00edzos para quem n\u00e3o faz a biometria, est\u00e3o ficar impossibilitado de tirar CPF, RG e passaporte. Tamb\u00e9m existe a proibi\u00e7\u00e3o de assumir cargos p\u00fablicos, renovar matr\u00edcula em institui\u00e7\u00e3o de ensino p\u00fablico e conseguir empr\u00e9stimos em bancos p\u00fablicos.<\/p>\n\n\n\n<figure class=\"wp-block-gallery columns-1 is-cropped wp-block-gallery-1 is-layout-flex wp-block-gallery-is-layout-flex\"><ul class=\"blocks-gallery-grid\"><li class=\"blocks-gallery-item\"><figure><img loading=\"lazy\" decoding=\"async\" width=\"755\" height=\"406\" src=\"http:\/\/blogdorogeriogomes.com.br\/wp-content\/uploads\/2020\/02\/images-12.jpeg\" alt=\"\" data-id=\"15597\" data-full-url=\"http:\/\/blogdorogeriogomes.com.br\/wp-content\/uploads\/2020\/02\/images-12.jpeg\" data-link=\"http:\/\/blogdorogeriogomes.com.br\/?attachment_id=15597\" class=\"wp-image-15597\" srcset=\"https:\/\/blogdorogeriogomes.com.br\/noticias\/wp-content\/uploads\/2020\/02\/images-12.jpeg 755w, https:\/\/blogdorogeriogomes.com.br\/noticias\/wp-content\/uploads\/2020\/02\/images-12-300x161.jpeg 300w\" sizes=\"auto, (max-width: 755px) 100vw, 755px\" \/><\/figure><\/li><\/ul><\/figure>\n","protected":false},"excerpt":{"rendered":"<p>Mais de 350 mil eleitores em Fortaleza ainda n\u00e3o fizeram o cadastramento biom\u00e9trico, que \u00e9 obrigat\u00f3rio para quem deseja votar nas elei\u00e7\u00f5es municipais de 2020. Como j\u00e1 foi anunciado desde o ano passado pelo Tribunal Regional Eleitoral do Cear\u00e1, os t\u00edtulos eleitorais de quem n\u00e3o fez a biometria devem ser cancelados at\u00e9 o dia 22 de mar\u00e7o. \u00c9 bom lembrar que os postos de atendimento do TRE em Fortaleza ainda continuam fazendo o atendimento de quem n\u00e3o fez o&hellip;<\/p>\n","protected":false},"author":1,"featured_media":15597,"comment_status":"open","ping_status":"open","sticky":false,"template":"","format":"standard","meta":{"footnotes":""},"categories":[1],"tags":[],"class_list":["post-15596","post","type-post","status-publish","format-standard","has-post-thumbnail","hentry","category-noticias"],"_links":{"self":[{"href":"https:\/\/blogdorogeriogomes.com.br\/noticias\/wp-json\/wp\/v2\/posts\/15596","targetHints":{"allow":["GET"]}}],"collection":[{"href":"https:\/\/blogdorogeriogomes.com.br\/noticias\/wp-json\/wp\/v2\/posts"}],"about":[{"href":"https:\/\/blogdorogeriogomes.com.br\/noticias\/wp-json\/wp\/v2\/types\/post"}],"author":[{"embeddable":true,"href":"https:\/\/blogdorogeriogomes.com.br\/noticias\/wp-json\/wp\/v2\/users\/1"}],"replies":[{"embeddable":true,"href":"https:\/\/blogdorogeriogomes.com.br\/noticias\/wp-json\/wp\/v2\/comments?post=15596"}],"version-history":[{"count":1,"href":"https:\/\/blogdorogeriogomes.com.br\/noticias\/wp-json\/wp\/v2\/posts\/15596\/revisions"}],"predecessor-version":[{"id":15598,"href":"https:\/\/blogdorogeriogomes.com.br\/noticias\/wp-json\/wp\/v2\/posts\/15596\/revisions\/15598"}],"wp:featuredmedia":[{"embeddable":true,"href":"https:\/\/blogdorogeriogomes.com.br\/noticias\/wp-json\/wp\/v2\/media\/15597"}],"wp:attachment":[{"href":"https:\/\/blogdorogeriogomes.com.br\/noticias\/wp-json\/wp\/v2\/media?parent=15596"}],"wp:term":[{"taxonomy":"category","embeddable":true,"href":"https:\/\/blogdorogeriogomes.com.br\/noticias\/wp-json\/wp\/v2\/categories?post=15596"},{"taxonomy":"post_tag","embeddable":true,"href":"https:\/\/blogdorogeriogomes.com.br\/noticias\/wp-json\/wp\/v2\/tags?post=15596"}],"curies":[{"name":"wp","href":"https:\/\/api.w.org\/{rel}","templated":true}]}}