{"id":15599,"date":"2020-02-12T21:51:05","date_gmt":"2020-02-12T21:51:05","guid":{"rendered":"http:\/\/blogdorogeriogomes.com.br\/?p=15599"},"modified":"2020-02-15T13:07:54","modified_gmt":"2020-02-15T13:07:54","slug":"imprensa-crava-que-general-vai-substituir-onyx-lorenzoni-na-casa-civil","status":"publish","type":"post","link":"https:\/\/blogdorogeriogomes.com.br\/noticias\/2020\/02\/imprensa-crava-que-general-vai-substituir-onyx-lorenzoni-na-casa-civil\/","title":{"rendered":"Imprensa crava que general vai substituir Onyx Lorenzoni na Casa Civil"},"content":{"rendered":"\n<p>A imprensa paulista crava que o presidente Jair Bolsonaro vai colocar mais um militar na c\u00fapula do seu governo. O general Walter Souza Braga Netto teria sido convidado, nesta quarta-feira, dia 12 de fevereiro, a assumir a Casa Civil. O general \u00e9 chefe do Estado-Maior do Ex\u00e9rcito e em 2018 foi o interventor militar para a \u00e1rea de seguran\u00e7a no Rio de Janeiro durante dez meses. Ele assumiria o lugar hoje ocupado por Onyx Lorenzoni, que deve ir para o Minist\u00e9rio da Cidadania, chefiado por Osmar Terra.&nbsp;<br>\nA dan\u00e7a das cadeiras nos dois minist\u00e9rios n\u00e3o \u00e9 confirmada oficialmente, mas \u00e9 dada como certa nos bastidores pol\u00edticos em Bras\u00edlia. \u00c9 aguardar pra conferir.<\/p>\n\n\n\n<figure class=\"wp-block-gallery columns-1 is-cropped wp-block-gallery-1 is-layout-flex wp-block-gallery-is-layout-flex\"><ul class=\"blocks-gallery-grid\"><li class=\"blocks-gallery-item\"><figure><img loading=\"lazy\" decoding=\"async\" width=\"680\" height=\"482\" src=\"http:\/\/blogdorogeriogomes.com.br\/wp-content\/uploads\/2020\/02\/portaldoholanda-967861-imagem.jpg\" alt=\"\" data-id=\"15600\" data-full-url=\"http:\/\/blogdorogeriogomes.com.br\/wp-content\/uploads\/2020\/02\/portaldoholanda-967861-imagem.jpg\" data-link=\"http:\/\/blogdorogeriogomes.com.br\/?attachment_id=15600\" class=\"wp-image-15600\" srcset=\"https:\/\/blogdorogeriogomes.com.br\/noticias\/wp-content\/uploads\/2020\/02\/portaldoholanda-967861-imagem.jpg 680w, https:\/\/blogdorogeriogomes.com.br\/noticias\/wp-content\/uploads\/2020\/02\/portaldoholanda-967861-imagem-300x213.jpg 300w\" sizes=\"auto, (max-width: 680px) 100vw, 680px\" \/><\/figure><\/li><\/ul><\/figure>\n","protected":false},"excerpt":{"rendered":"<p>A imprensa paulista crava que o presidente Jair Bolsonaro vai colocar mais um militar na c\u00fapula do seu governo. O general Walter Souza Braga Netto teria sido convidado, nesta quarta-feira, dia 12 de fevereiro, a assumir a Casa Civil. O general \u00e9 chefe do Estado-Maior do Ex\u00e9rcito e em 2018 foi o interventor militar para a \u00e1rea de seguran\u00e7a no Rio de Janeiro durante dez meses. Ele assumiria o lugar hoje ocupado por Onyx Lorenzoni, que deve ir para&hellip;<\/p>\n","protected":false},"author":1,"featured_media":15600,"comment_status":"open","ping_status":"open","sticky":false,"template":"","format":"standard","meta":{"footnotes":""},"categories":[1],"tags":[],"class_list":["post-15599","post","type-post","status-publish","format-standard","has-post-thumbnail","hentry","category-noticias"],"_links":{"self":[{"href":"https:\/\/blogdorogeriogomes.com.br\/noticias\/wp-json\/wp\/v2\/posts\/15599","targetHints":{"allow":["GET"]}}],"collection":[{"href":"https:\/\/blogdorogeriogomes.com.br\/noticias\/wp-json\/wp\/v2\/posts"}],"about":[{"href":"https:\/\/blogdorogeriogomes.com.br\/noticias\/wp-json\/wp\/v2\/types\/post"}],"author":[{"embeddable":true,"href":"https:\/\/blogdorogeriogomes.com.br\/noticias\/wp-json\/wp\/v2\/users\/1"}],"replies":[{"embeddable":true,"href":"https:\/\/blogdorogeriogomes.com.br\/noticias\/wp-json\/wp\/v2\/comments?post=15599"}],"version-history":[{"count":1,"href":"https:\/\/blogdorogeriogomes.com.br\/noticias\/wp-json\/wp\/v2\/posts\/15599\/revisions"}],"predecessor-version":[{"id":15601,"href":"https:\/\/blogdorogeriogomes.com.br\/noticias\/wp-json\/wp\/v2\/posts\/15599\/revisions\/15601"}],"wp:featuredmedia":[{"embeddable":true,"href":"https:\/\/blogdorogeriogomes.com.br\/noticias\/wp-json\/wp\/v2\/media\/15600"}],"wp:attachment":[{"href":"https:\/\/blogdorogeriogomes.com.br\/noticias\/wp-json\/wp\/v2\/media?parent=15599"}],"wp:term":[{"taxonomy":"category","embeddable":true,"href":"https:\/\/blogdorogeriogomes.com.br\/noticias\/wp-json\/wp\/v2\/categories?post=15599"},{"taxonomy":"post_tag","embeddable":true,"href":"https:\/\/blogdorogeriogomes.com.br\/noticias\/wp-json\/wp\/v2\/tags?post=15599"}],"curies":[{"name":"wp","href":"https:\/\/api.w.org\/{rel}","templated":true}]}}