{"id":15608,"date":"2020-02-13T19:33:20","date_gmt":"2020-02-13T19:33:20","guid":{"rendered":"http:\/\/blogdorogeriogomes.com.br\/?p=15608"},"modified":"2020-02-15T13:07:14","modified_gmt":"2020-02-15T13:07:14","slug":"pt-nacional-reforca-tese-de-candidatura-propria-para-sucessao-municipal-em-fortaleza","status":"publish","type":"post","link":"https:\/\/blogdorogeriogomes.com.br\/noticias\/2020\/02\/pt-nacional-reforca-tese-de-candidatura-propria-para-sucessao-municipal-em-fortaleza\/","title":{"rendered":"PT nacional refor\u00e7a tese de candidatura pr\u00f3pria para sucess\u00e3o municipal em Fortaleza"},"content":{"rendered":"\n<p>O PT de Fortaleza se articula para ter candidatura pr\u00f3pria nas elei\u00e7\u00f5es municipais deste ano. A dire\u00e7\u00e3o nacional do partido, atrav\u00e9s da presidente Gleise Hoffmann, j\u00e1 chancelou a ideia de que, em Fortaleza, o PT deve buscar a cabe\u00e7a de chapa.<br>\nH\u00e1 no caminho, no entanto, dois entraves a serem superados. Como vai ficar a posi\u00e7\u00e3o do governador Camilo Santana, que defende uma alian\u00e7a com o PDT do atual prefeito da Capital, Roberto Cl\u00e1udio? O outro desafio est\u00e1 na disputa interna do partido. A ex-prefeita de Fortaleza e hoje deputada federal Luizianne Lins quer ser a candidata. Mas o vereador da Capital, Guilherme Sampaio, tamb\u00e9m pleiteia o direito de concorrer. Ou seja, h\u00e1 muitas discuss\u00f5es pra acontecer at\u00e9 a defini\u00e7\u00e3o da candidatura petista em Fortaleza<\/p>\n\n\n\n<figure class=\"wp-block-gallery columns-1 is-cropped wp-block-gallery-1 is-layout-flex wp-block-gallery-is-layout-flex\"><ul class=\"blocks-gallery-grid\"><li class=\"blocks-gallery-item\"><figure><img loading=\"lazy\" decoding=\"async\" width=\"631\" height=\"486\" src=\"http:\/\/blogdorogeriogomes.com.br\/wp-content\/uploads\/2020\/02\/images-15.jpeg\" alt=\"\" data-id=\"15609\" data-full-url=\"http:\/\/blogdorogeriogomes.com.br\/wp-content\/uploads\/2020\/02\/images-15.jpeg\" data-link=\"http:\/\/blogdorogeriogomes.com.br\/?attachment_id=15609\" class=\"wp-image-15609\" srcset=\"https:\/\/blogdorogeriogomes.com.br\/noticias\/wp-content\/uploads\/2020\/02\/images-15.jpeg 631w, https:\/\/blogdorogeriogomes.com.br\/noticias\/wp-content\/uploads\/2020\/02\/images-15-300x231.jpeg 300w, https:\/\/blogdorogeriogomes.com.br\/noticias\/wp-content\/uploads\/2020\/02\/images-15-180x138.jpeg 180w\" sizes=\"auto, (max-width: 631px) 100vw, 631px\" \/><\/figure><\/li><\/ul><\/figure>\n","protected":false},"excerpt":{"rendered":"<p>O PT de Fortaleza se articula para ter candidatura pr\u00f3pria nas elei\u00e7\u00f5es municipais deste ano. A dire\u00e7\u00e3o nacional do partido, atrav\u00e9s da presidente Gleise Hoffmann, j\u00e1 chancelou a ideia de que, em Fortaleza, o PT deve buscar a cabe\u00e7a de chapa. H\u00e1 no caminho, no entanto, dois entraves a serem superados. Como vai ficar a posi\u00e7\u00e3o do governador Camilo Santana, que defende uma alian\u00e7a com o PDT do atual prefeito da Capital, Roberto Cl\u00e1udio? O outro desafio est\u00e1 na&hellip;<\/p>\n","protected":false},"author":1,"featured_media":15609,"comment_status":"open","ping_status":"open","sticky":false,"template":"","format":"standard","meta":{"footnotes":""},"categories":[1],"tags":[],"class_list":["post-15608","post","type-post","status-publish","format-standard","has-post-thumbnail","hentry","category-noticias"],"_links":{"self":[{"href":"https:\/\/blogdorogeriogomes.com.br\/noticias\/wp-json\/wp\/v2\/posts\/15608","targetHints":{"allow":["GET"]}}],"collection":[{"href":"https:\/\/blogdorogeriogomes.com.br\/noticias\/wp-json\/wp\/v2\/posts"}],"about":[{"href":"https:\/\/blogdorogeriogomes.com.br\/noticias\/wp-json\/wp\/v2\/types\/post"}],"author":[{"embeddable":true,"href":"https:\/\/blogdorogeriogomes.com.br\/noticias\/wp-json\/wp\/v2\/users\/1"}],"replies":[{"embeddable":true,"href":"https:\/\/blogdorogeriogomes.com.br\/noticias\/wp-json\/wp\/v2\/comments?post=15608"}],"version-history":[{"count":1,"href":"https:\/\/blogdorogeriogomes.com.br\/noticias\/wp-json\/wp\/v2\/posts\/15608\/revisions"}],"predecessor-version":[{"id":15610,"href":"https:\/\/blogdorogeriogomes.com.br\/noticias\/wp-json\/wp\/v2\/posts\/15608\/revisions\/15610"}],"wp:featuredmedia":[{"embeddable":true,"href":"https:\/\/blogdorogeriogomes.com.br\/noticias\/wp-json\/wp\/v2\/media\/15609"}],"wp:attachment":[{"href":"https:\/\/blogdorogeriogomes.com.br\/noticias\/wp-json\/wp\/v2\/media?parent=15608"}],"wp:term":[{"taxonomy":"category","embeddable":true,"href":"https:\/\/blogdorogeriogomes.com.br\/noticias\/wp-json\/wp\/v2\/categories?post=15608"},{"taxonomy":"post_tag","embeddable":true,"href":"https:\/\/blogdorogeriogomes.com.br\/noticias\/wp-json\/wp\/v2\/tags?post=15608"}],"curies":[{"name":"wp","href":"https:\/\/api.w.org\/{rel}","templated":true}]}}