{"id":15615,"date":"2020-02-13T20:26:33","date_gmt":"2020-02-13T20:26:33","guid":{"rendered":"http:\/\/blogdorogeriogomes.com.br\/?p=15615"},"modified":"2020-02-15T13:06:34","modified_gmt":"2020-02-15T13:06:34","slug":"lula-e-papa-francisco-discutem-sobre-a-crescente-desigualdade-social-no-mundo","status":"publish","type":"post","link":"https:\/\/blogdorogeriogomes.com.br\/noticias\/2020\/02\/lula-e-papa-francisco-discutem-sobre-a-crescente-desigualdade-social-no-mundo\/","title":{"rendered":"Lula e Papa Francisco discutem sobre a crescente desigualdade social no mundo"},"content":{"rendered":"\n<p>O encontro do ex-presidente Lula com o Papa Francisco, nesta quinta-feira, dia 13 de fevereiro, no Vaticano, durou pouco mais uma hora. Na pauta do encontro esteve, principalmente, a busca por solu\u00e7\u00f5es contra a crescente desigualdade no mundo. <br>\nNa It\u00e1lia, Lula tamb\u00e9m aproveita a oportunidade para outros encontros pol\u00edticos. Acompanhado do ex-chanceler Celso Amorim, o ex-presidente se encontrou com atual secret\u00e1rio-geral do Partido Democr\u00e1tico, que \u00e9 um dos dois partidos que governa a It\u00e1lia, Nicola Zingaretti, e com o ex-primeiro-ministro italiano Massimo D\u2019Alema, que o havia visitado na Superintend\u00eancia da Pol\u00edcia Federal, em Curitiba, em setembro de 2018.<br>\nApesar de toda a &#8220;onda anti PT&#8221; que se instalou no Pa\u00eds nas elei\u00e7\u00f5es de 2018, Lula, mesmo estando atualmente ineleg\u00edvel, ainda figura na prefer\u00eancia popular. N\u00e3o \u00e9 a toa que na pesquisa realizada pela consultoria pol\u00edtica Atlas Pol\u00edtico, entre 7 e 9 de fevereiro, que foi divulgada pelo jornal El Pa\u00eds, o petista tem 28% das inten\u00e7\u00f5es de voto contra 32% do atual presidente Jair Bolsonaro.<\/p>\n\n\n\n<figure class=\"wp-block-gallery columns-1 is-cropped wp-block-gallery-1 is-layout-flex wp-block-gallery-is-layout-flex\"><ul class=\"blocks-gallery-grid\"><li class=\"blocks-gallery-item\"><figure><img loading=\"lazy\" decoding=\"async\" width=\"739\" height=\"415\" src=\"http:\/\/blogdorogeriogomes.com.br\/wp-content\/uploads\/2020\/02\/IMG_20200213_165937_385.jpg\" alt=\"\" data-id=\"15616\" data-full-url=\"http:\/\/blogdorogeriogomes.com.br\/wp-content\/uploads\/2020\/02\/IMG_20200213_165937_385.jpg\" data-link=\"http:\/\/blogdorogeriogomes.com.br\/?attachment_id=15616\" class=\"wp-image-15616\" srcset=\"https:\/\/blogdorogeriogomes.com.br\/noticias\/wp-content\/uploads\/2020\/02\/IMG_20200213_165937_385.jpg 739w, https:\/\/blogdorogeriogomes.com.br\/noticias\/wp-content\/uploads\/2020\/02\/IMG_20200213_165937_385-300x168.jpg 300w\" sizes=\"auto, (max-width: 739px) 100vw, 739px\" \/><\/figure><\/li><\/ul><\/figure>\n","protected":false},"excerpt":{"rendered":"<p>O encontro do ex-presidente Lula com o Papa Francisco, nesta quinta-feira, dia 13 de fevereiro, no Vaticano, durou pouco mais uma hora. Na pauta do encontro esteve, principalmente, a busca por solu\u00e7\u00f5es contra a crescente desigualdade no mundo. Na It\u00e1lia, Lula tamb\u00e9m aproveita a oportunidade para outros encontros pol\u00edticos. Acompanhado do ex-chanceler Celso Amorim, o ex-presidente se encontrou com atual secret\u00e1rio-geral do Partido Democr\u00e1tico, que \u00e9 um dos dois partidos que governa a It\u00e1lia, Nicola Zingaretti, e com o&hellip;<\/p>\n","protected":false},"author":1,"featured_media":15616,"comment_status":"open","ping_status":"open","sticky":false,"template":"","format":"standard","meta":{"footnotes":""},"categories":[1],"tags":[],"class_list":["post-15615","post","type-post","status-publish","format-standard","has-post-thumbnail","hentry","category-noticias"],"_links":{"self":[{"href":"https:\/\/blogdorogeriogomes.com.br\/noticias\/wp-json\/wp\/v2\/posts\/15615","targetHints":{"allow":["GET"]}}],"collection":[{"href":"https:\/\/blogdorogeriogomes.com.br\/noticias\/wp-json\/wp\/v2\/posts"}],"about":[{"href":"https:\/\/blogdorogeriogomes.com.br\/noticias\/wp-json\/wp\/v2\/types\/post"}],"author":[{"embeddable":true,"href":"https:\/\/blogdorogeriogomes.com.br\/noticias\/wp-json\/wp\/v2\/users\/1"}],"replies":[{"embeddable":true,"href":"https:\/\/blogdorogeriogomes.com.br\/noticias\/wp-json\/wp\/v2\/comments?post=15615"}],"version-history":[{"count":1,"href":"https:\/\/blogdorogeriogomes.com.br\/noticias\/wp-json\/wp\/v2\/posts\/15615\/revisions"}],"predecessor-version":[{"id":15617,"href":"https:\/\/blogdorogeriogomes.com.br\/noticias\/wp-json\/wp\/v2\/posts\/15615\/revisions\/15617"}],"wp:featuredmedia":[{"embeddable":true,"href":"https:\/\/blogdorogeriogomes.com.br\/noticias\/wp-json\/wp\/v2\/media\/15616"}],"wp:attachment":[{"href":"https:\/\/blogdorogeriogomes.com.br\/noticias\/wp-json\/wp\/v2\/media?parent=15615"}],"wp:term":[{"taxonomy":"category","embeddable":true,"href":"https:\/\/blogdorogeriogomes.com.br\/noticias\/wp-json\/wp\/v2\/categories?post=15615"},{"taxonomy":"post_tag","embeddable":true,"href":"https:\/\/blogdorogeriogomes.com.br\/noticias\/wp-json\/wp\/v2\/tags?post=15615"}],"curies":[{"name":"wp","href":"https:\/\/api.w.org\/{rel}","templated":true}]}}