{"id":15621,"date":"2020-02-14T09:52:44","date_gmt":"2020-02-14T09:52:44","guid":{"rendered":"http:\/\/blogdorogeriogomes.com.br\/?p=15621"},"modified":"2020-02-15T13:05:47","modified_gmt":"2020-02-15T13:05:47","slug":"nucleo-militar-no-governo-federal-se-fortalece-com-mudanca-na-casa-civil","status":"publish","type":"post","link":"https:\/\/blogdorogeriogomes.com.br\/noticias\/2020\/02\/nucleo-militar-no-governo-federal-se-fortalece-com-mudanca-na-casa-civil\/","title":{"rendered":"N\u00facleo militar no Governo Federal se fortalece com mudan\u00e7a na Casa Civil"},"content":{"rendered":"\n<p>A confirma\u00e7\u00e3o do presidente Jair Bolsonaro de mudar o comando da Casa Civil fortaleceu mais uma vez o n\u00facleo militar no Governo. O general do Ex\u00e9rcito Walter Souza Braga Netto passa a comandar a Casa Civil, considerada uma das pastas mais importantes da esfera do Planalto. Onyx Lorenzoni, ex-integrante do n\u00facleo duro e ideol\u00f3gico do Pal\u00e1cio do Planalto, assume o Minist\u00e9rio da Cidadania e Osmar Terra deixa o Minist\u00e9rio e volta para a C\u00e2mara dos Deputados. Como militar, Bolsonaro tem ainda o major reformado da PM Jorge Oliveira na Secretaria-Geral da Presid\u00eancia, o general Augusto Heleno, do GSI (Gabinete de Seguran\u00e7a Institucional), e Luiz Eduardo Ramos, da Secretaria de Governo.<br>\nA nomea\u00e7\u00e3o do general Walter Braga, no entanto, gerou insatisfa\u00e7\u00e3o no Poder Legislativo. Para parlamentares, a tend\u00eancia \u00e9 de mais isolamento pol\u00edtico e dificuldades de rela\u00e7\u00e3o com o Congresso Nacional. \u00c9 esperar pra ver o desempenho do novo ministro da Casa Civil nas rela\u00e7\u00f5es com os congressistas.<\/p>\n\n\n\n<figure class=\"wp-block-gallery columns-1 is-cropped wp-block-gallery-1 is-layout-flex wp-block-gallery-is-layout-flex\"><ul class=\"blocks-gallery-grid\"><li class=\"blocks-gallery-item\"><figure><img loading=\"lazy\" decoding=\"async\" width=\"538\" height=\"538\" src=\"http:\/\/blogdorogeriogomes.com.br\/wp-content\/uploads\/2020\/02\/IMG_20200214_064514_194.jpg\" alt=\"\" data-id=\"15622\" data-full-url=\"http:\/\/blogdorogeriogomes.com.br\/wp-content\/uploads\/2020\/02\/IMG_20200214_064514_194.jpg\" data-link=\"http:\/\/blogdorogeriogomes.com.br\/?attachment_id=15622\" class=\"wp-image-15622\" srcset=\"https:\/\/blogdorogeriogomes.com.br\/noticias\/wp-content\/uploads\/2020\/02\/IMG_20200214_064514_194.jpg 538w, https:\/\/blogdorogeriogomes.com.br\/noticias\/wp-content\/uploads\/2020\/02\/IMG_20200214_064514_194-300x300.jpg 300w, https:\/\/blogdorogeriogomes.com.br\/noticias\/wp-content\/uploads\/2020\/02\/IMG_20200214_064514_194-150x150.jpg 150w, https:\/\/blogdorogeriogomes.com.br\/noticias\/wp-content\/uploads\/2020\/02\/IMG_20200214_064514_194-250x250.jpg 250w\" sizes=\"auto, (max-width: 538px) 100vw, 538px\" \/><\/figure><\/li><\/ul><\/figure>\n","protected":false},"excerpt":{"rendered":"<p>A confirma\u00e7\u00e3o do presidente Jair Bolsonaro de mudar o comando da Casa Civil fortaleceu mais uma vez o n\u00facleo militar no Governo. O general do Ex\u00e9rcito Walter Souza Braga Netto passa a comandar a Casa Civil, considerada uma das pastas mais importantes da esfera do Planalto. Onyx Lorenzoni, ex-integrante do n\u00facleo duro e ideol\u00f3gico do Pal\u00e1cio do Planalto, assume o Minist\u00e9rio da Cidadania e Osmar Terra deixa o Minist\u00e9rio e volta para a C\u00e2mara dos Deputados. Como militar, Bolsonaro&hellip;<\/p>\n","protected":false},"author":1,"featured_media":15622,"comment_status":"open","ping_status":"open","sticky":false,"template":"","format":"standard","meta":{"footnotes":""},"categories":[1],"tags":[],"class_list":["post-15621","post","type-post","status-publish","format-standard","has-post-thumbnail","hentry","category-noticias"],"_links":{"self":[{"href":"https:\/\/blogdorogeriogomes.com.br\/noticias\/wp-json\/wp\/v2\/posts\/15621","targetHints":{"allow":["GET"]}}],"collection":[{"href":"https:\/\/blogdorogeriogomes.com.br\/noticias\/wp-json\/wp\/v2\/posts"}],"about":[{"href":"https:\/\/blogdorogeriogomes.com.br\/noticias\/wp-json\/wp\/v2\/types\/post"}],"author":[{"embeddable":true,"href":"https:\/\/blogdorogeriogomes.com.br\/noticias\/wp-json\/wp\/v2\/users\/1"}],"replies":[{"embeddable":true,"href":"https:\/\/blogdorogeriogomes.com.br\/noticias\/wp-json\/wp\/v2\/comments?post=15621"}],"version-history":[{"count":1,"href":"https:\/\/blogdorogeriogomes.com.br\/noticias\/wp-json\/wp\/v2\/posts\/15621\/revisions"}],"predecessor-version":[{"id":15623,"href":"https:\/\/blogdorogeriogomes.com.br\/noticias\/wp-json\/wp\/v2\/posts\/15621\/revisions\/15623"}],"wp:featuredmedia":[{"embeddable":true,"href":"https:\/\/blogdorogeriogomes.com.br\/noticias\/wp-json\/wp\/v2\/media\/15622"}],"wp:attachment":[{"href":"https:\/\/blogdorogeriogomes.com.br\/noticias\/wp-json\/wp\/v2\/media?parent=15621"}],"wp:term":[{"taxonomy":"category","embeddable":true,"href":"https:\/\/blogdorogeriogomes.com.br\/noticias\/wp-json\/wp\/v2\/categories?post=15621"},{"taxonomy":"post_tag","embeddable":true,"href":"https:\/\/blogdorogeriogomes.com.br\/noticias\/wp-json\/wp\/v2\/tags?post=15621"}],"curies":[{"name":"wp","href":"https:\/\/api.w.org\/{rel}","templated":true}]}}