{"id":15624,"date":"2020-02-14T20:58:00","date_gmt":"2020-02-14T20:58:00","guid":{"rendered":"http:\/\/blogdorogeriogomes.com.br\/?p=15624"},"modified":"2020-02-15T13:05:33","modified_gmt":"2020-02-15T13:05:33","slug":"garantia-safra-2018-2019-tera-adesao-de-171-municipios-no-ceara","status":"publish","type":"post","link":"https:\/\/blogdorogeriogomes.com.br\/noticias\/2020\/02\/garantia-safra-2018-2019-tera-adesao-de-171-municipios-no-ceara\/","title":{"rendered":"Garantia Safra 2018\/2019 ter\u00e1 ades\u00e3o de 171 munic\u00edpios no Cear\u00e1"},"content":{"rendered":"\n<p>Um total de 171 munic\u00edpios cearenses vai aderir ao Garantia Safra 2018\/2019. O lan\u00e7amento do programa acontece em solenidade no Pal\u00e1cio da Aboli\u00e7\u00e3o, em Fortaleza, na pr\u00f3xima segunda-feira, dia 17 de fevereiro. Nesta edi\u00e7\u00e3o, est\u00e3o garantidos R$ 63 milh\u00f5es e 759 mil reais para execu\u00e7\u00e3o do programa no Cear\u00e1.<\/p>\n\n\n\n<p>O Garantia Safra \u00e9 uma a\u00e7\u00e3o para agricultores familiares que se encontram em munic\u00edpios na \u00e1rea de atua\u00e7\u00e3o da Superintend\u00eancia de Desenvolvimento do Nordeste (Sudene) sujeitos a perdas de safra devido \u00e0 seca ou ao excesso de chuvas. O benef\u00edcio, no valor de R$ 850 reais, pago em cinco parcelas iguais e consecutivas, \u00e9 concedido aos agricultores que sofreram perda de safra acima de 50% e pode ser sacado numa das ag\u00eancias da Caixa Econ\u00f4mica Federal ou em casas lot\u00e9ricas.<br> <\/p>\n\n\n\n<figure class=\"wp-block-gallery columns-1 is-cropped wp-block-gallery-1 is-layout-flex wp-block-gallery-is-layout-flex\"><ul class=\"blocks-gallery-grid\"><li class=\"blocks-gallery-item\"><figure><img loading=\"lazy\" decoding=\"async\" width=\"533\" height=\"300\" src=\"http:\/\/blogdorogeriogomes.com.br\/wp-content\/uploads\/2020\/02\/IMG_20200214_175208_743.jpg\" alt=\"\" data-id=\"15625\" data-full-url=\"http:\/\/blogdorogeriogomes.com.br\/wp-content\/uploads\/2020\/02\/IMG_20200214_175208_743.jpg\" data-link=\"http:\/\/blogdorogeriogomes.com.br\/?attachment_id=15625\" class=\"wp-image-15625\" srcset=\"https:\/\/blogdorogeriogomes.com.br\/noticias\/wp-content\/uploads\/2020\/02\/IMG_20200214_175208_743.jpg 533w, https:\/\/blogdorogeriogomes.com.br\/noticias\/wp-content\/uploads\/2020\/02\/IMG_20200214_175208_743-300x169.jpg 300w\" sizes=\"auto, (max-width: 533px) 100vw, 533px\" \/><\/figure><\/li><\/ul><\/figure>\n","protected":false},"excerpt":{"rendered":"<p>Um total de 171 munic\u00edpios cearenses vai aderir ao Garantia Safra 2018\/2019. O lan\u00e7amento do programa acontece em solenidade no Pal\u00e1cio da Aboli\u00e7\u00e3o, em Fortaleza, na pr\u00f3xima segunda-feira, dia 17 de fevereiro. Nesta edi\u00e7\u00e3o, est\u00e3o garantidos R$ 63 milh\u00f5es e 759 mil reais para execu\u00e7\u00e3o do programa no Cear\u00e1. O Garantia Safra \u00e9 uma a\u00e7\u00e3o para agricultores familiares que se encontram em munic\u00edpios na \u00e1rea de atua\u00e7\u00e3o da Superintend\u00eancia de Desenvolvimento do Nordeste (Sudene) sujeitos a perdas de safra&hellip;<\/p>\n","protected":false},"author":1,"featured_media":15625,"comment_status":"open","ping_status":"open","sticky":false,"template":"","format":"standard","meta":{"footnotes":""},"categories":[1],"tags":[],"class_list":["post-15624","post","type-post","status-publish","format-standard","has-post-thumbnail","hentry","category-noticias"],"_links":{"self":[{"href":"https:\/\/blogdorogeriogomes.com.br\/noticias\/wp-json\/wp\/v2\/posts\/15624","targetHints":{"allow":["GET"]}}],"collection":[{"href":"https:\/\/blogdorogeriogomes.com.br\/noticias\/wp-json\/wp\/v2\/posts"}],"about":[{"href":"https:\/\/blogdorogeriogomes.com.br\/noticias\/wp-json\/wp\/v2\/types\/post"}],"author":[{"embeddable":true,"href":"https:\/\/blogdorogeriogomes.com.br\/noticias\/wp-json\/wp\/v2\/users\/1"}],"replies":[{"embeddable":true,"href":"https:\/\/blogdorogeriogomes.com.br\/noticias\/wp-json\/wp\/v2\/comments?post=15624"}],"version-history":[{"count":1,"href":"https:\/\/blogdorogeriogomes.com.br\/noticias\/wp-json\/wp\/v2\/posts\/15624\/revisions"}],"predecessor-version":[{"id":15626,"href":"https:\/\/blogdorogeriogomes.com.br\/noticias\/wp-json\/wp\/v2\/posts\/15624\/revisions\/15626"}],"wp:featuredmedia":[{"embeddable":true,"href":"https:\/\/blogdorogeriogomes.com.br\/noticias\/wp-json\/wp\/v2\/media\/15625"}],"wp:attachment":[{"href":"https:\/\/blogdorogeriogomes.com.br\/noticias\/wp-json\/wp\/v2\/media?parent=15624"}],"wp:term":[{"taxonomy":"category","embeddable":true,"href":"https:\/\/blogdorogeriogomes.com.br\/noticias\/wp-json\/wp\/v2\/categories?post=15624"},{"taxonomy":"post_tag","embeddable":true,"href":"https:\/\/blogdorogeriogomes.com.br\/noticias\/wp-json\/wp\/v2\/tags?post=15624"}],"curies":[{"name":"wp","href":"https:\/\/api.w.org\/{rel}","templated":true}]}}