{"id":15627,"date":"2020-02-15T07:58:49","date_gmt":"2020-02-15T07:58:49","guid":{"rendered":"http:\/\/blogdorogeriogomes.com.br\/?p=15627"},"modified":"2020-02-15T13:08:58","modified_gmt":"2020-02-15T13:08:58","slug":"ministerio-publico-recomenda-que-comando-da-pm-no-ceara-impeca-quaisquer-manifestacoes-de-policiais","status":"publish","type":"post","link":"https:\/\/blogdorogeriogomes.com.br\/noticias\/2020\/02\/ministerio-publico-recomenda-que-comando-da-pm-no-ceara-impeca-quaisquer-manifestacoes-de-policiais\/","title":{"rendered":"Minist\u00e9rio P\u00fablico recomenda que comando da PM no Cear\u00e1 impe\u00e7a quaisquer manifesta\u00e7\u00f5es de policiais"},"content":{"rendered":"\n<p>O recuo de representantes de policiais e bombeiros militares em aceitar a nova proposta do Governo do Estado de reestrutura\u00e7\u00e3o salarial, ap\u00f3s acordo firmado em reuni\u00e3o na quinta-feira, dia 13 de fevereiro, voltou a gerar tens\u00e3o sobre poss\u00edveis manifesta\u00e7\u00f5es da categoria. Por isso, o Minist\u00e9rio P\u00fablico do Cear\u00e1, atrav\u00e9s do promotor Brasilino de Freitas Filho, recomendou que o comandante-geral da Pol\u00edcia Militar do Cear\u00e1, Cel. Alexandre \u00c1vila (foto), impe\u00e7a que os policiais promovam quaisquer manifesta\u00e7\u00f5es ou paralisa\u00e7\u00f5es. Foi publicado um boletim determinando aos comandantes de Batalh\u00f5es e Companhias que esclare\u00e7am aos seus subordinados sobre as implica\u00e7\u00f5es disciplinares e penais decorrentes da participa\u00e7\u00e3o em reuni\u00f5es e manifesta\u00e7\u00f5es coletivas contra atos de superiores.<br> O promotor da Justi\u00e7a Militar tamb\u00e9m recomendou que sejam instaurados de imediato Inqu\u00e9ritos Policiais Militares para apurar as responsabilidades pelo incitamento e organiza\u00e7\u00e3o de tais movimentos.<br> A nova proposta de reestrutura\u00e7\u00e3o salarial discutida entre Governo e representantes de policiais e bombeiros j\u00e1 chegou a Assembleia Legislativa do Cear\u00e1, nesta sexta-feira, dia 14 de fevereiro, e deve ser votada na pr\u00f3xima semana pelos deputados estaduais.<\/p>\n\n\n\n<figure class=\"wp-block-gallery columns-1 is-cropped wp-block-gallery-1 is-layout-flex wp-block-gallery-is-layout-flex\"><ul class=\"blocks-gallery-grid\"><li class=\"blocks-gallery-item\"><figure><img loading=\"lazy\" decoding=\"async\" width=\"1024\" height=\"768\" src=\"http:\/\/blogdorogeriogomes.com.br\/wp-content\/uploads\/2020\/02\/IMG_20200215_044816_215-1024x768.jpg\" alt=\"\" data-id=\"15628\" data-full-url=\"http:\/\/blogdorogeriogomes.com.br\/wp-content\/uploads\/2020\/02\/IMG_20200215_044816_215.jpg\" data-link=\"http:\/\/blogdorogeriogomes.com.br\/?attachment_id=15628\" class=\"wp-image-15628\" srcset=\"https:\/\/blogdorogeriogomes.com.br\/noticias\/wp-content\/uploads\/2020\/02\/IMG_20200215_044816_215-1024x768.jpg 1024w, https:\/\/blogdorogeriogomes.com.br\/noticias\/wp-content\/uploads\/2020\/02\/IMG_20200215_044816_215-300x225.jpg 300w, https:\/\/blogdorogeriogomes.com.br\/noticias\/wp-content\/uploads\/2020\/02\/IMG_20200215_044816_215-768x576.jpg 768w, https:\/\/blogdorogeriogomes.com.br\/noticias\/wp-content\/uploads\/2020\/02\/IMG_20200215_044816_215-800x600.jpg 800w, https:\/\/blogdorogeriogomes.com.br\/noticias\/wp-content\/uploads\/2020\/02\/IMG_20200215_044816_215-400x300.jpg 400w, https:\/\/blogdorogeriogomes.com.br\/noticias\/wp-content\/uploads\/2020\/02\/IMG_20200215_044816_215.jpg 1032w\" sizes=\"auto, (max-width: 1024px) 100vw, 1024px\" \/><\/figure><\/li><\/ul><\/figure>\n","protected":false},"excerpt":{"rendered":"<p>O recuo de representantes de policiais e bombeiros militares em aceitar a nova proposta do Governo do Estado de reestrutura\u00e7\u00e3o salarial, ap\u00f3s acordo firmado em reuni\u00e3o na quinta-feira, dia 13 de fevereiro, voltou a gerar tens\u00e3o sobre poss\u00edveis manifesta\u00e7\u00f5es da categoria. Por isso, o Minist\u00e9rio P\u00fablico do Cear\u00e1, atrav\u00e9s do promotor Brasilino de Freitas Filho, recomendou que o comandante-geral da Pol\u00edcia Militar do Cear\u00e1, Cel. Alexandre \u00c1vila (foto), impe\u00e7a que os policiais promovam quaisquer manifesta\u00e7\u00f5es ou paralisa\u00e7\u00f5es. Foi publicado&hellip;<\/p>\n","protected":false},"author":1,"featured_media":15628,"comment_status":"open","ping_status":"open","sticky":false,"template":"","format":"standard","meta":{"footnotes":""},"categories":[1],"tags":[],"class_list":["post-15627","post","type-post","status-publish","format-standard","has-post-thumbnail","hentry","category-noticias"],"_links":{"self":[{"href":"https:\/\/blogdorogeriogomes.com.br\/noticias\/wp-json\/wp\/v2\/posts\/15627","targetHints":{"allow":["GET"]}}],"collection":[{"href":"https:\/\/blogdorogeriogomes.com.br\/noticias\/wp-json\/wp\/v2\/posts"}],"about":[{"href":"https:\/\/blogdorogeriogomes.com.br\/noticias\/wp-json\/wp\/v2\/types\/post"}],"author":[{"embeddable":true,"href":"https:\/\/blogdorogeriogomes.com.br\/noticias\/wp-json\/wp\/v2\/users\/1"}],"replies":[{"embeddable":true,"href":"https:\/\/blogdorogeriogomes.com.br\/noticias\/wp-json\/wp\/v2\/comments?post=15627"}],"version-history":[{"count":1,"href":"https:\/\/blogdorogeriogomes.com.br\/noticias\/wp-json\/wp\/v2\/posts\/15627\/revisions"}],"predecessor-version":[{"id":15629,"href":"https:\/\/blogdorogeriogomes.com.br\/noticias\/wp-json\/wp\/v2\/posts\/15627\/revisions\/15629"}],"wp:featuredmedia":[{"embeddable":true,"href":"https:\/\/blogdorogeriogomes.com.br\/noticias\/wp-json\/wp\/v2\/media\/15628"}],"wp:attachment":[{"href":"https:\/\/blogdorogeriogomes.com.br\/noticias\/wp-json\/wp\/v2\/media?parent=15627"}],"wp:term":[{"taxonomy":"category","embeddable":true,"href":"https:\/\/blogdorogeriogomes.com.br\/noticias\/wp-json\/wp\/v2\/categories?post=15627"},{"taxonomy":"post_tag","embeddable":true,"href":"https:\/\/blogdorogeriogomes.com.br\/noticias\/wp-json\/wp\/v2\/tags?post=15627"}],"curies":[{"name":"wp","href":"https:\/\/api.w.org\/{rel}","templated":true}]}}