{"id":15630,"date":"2020-02-17T13:12:11","date_gmt":"2020-02-17T13:12:11","guid":{"rendered":"http:\/\/blogdorogeriogomes.com.br\/?p=15630"},"modified":"2020-02-17T14:13:14","modified_gmt":"2020-02-17T14:13:14","slug":"corte-de-bolsas-do-mec-para-cursos-de-pos-graduacao-teve-maior-impacto-em-estados-do-nordeste","status":"publish","type":"post","link":"https:\/\/blogdorogeriogomes.com.br\/noticias\/2020\/02\/corte-de-bolsas-do-mec-para-cursos-de-pos-graduacao-teve-maior-impacto-em-estados-do-nordeste\/","title":{"rendered":"Corte de bolsas do MEC para cursos de p\u00f3s gradua\u00e7\u00e3o teve maior impacto em estados do Nordeste"},"content":{"rendered":"\n<p>Levantamento feito pelo jornal Folha de S. Paulo, por meio da Lei de Acesso \u00e0 Informa\u00e7\u00e3o, mostra que o corte de bolsas para p\u00f3s-gradua\u00e7\u00e3o feito pelo Governo Jair Bolsonaro em 2019 teve maior impacto no Nordeste. Os cursos mais atingidos s\u00e3o das \u00e1reas de engenharia, educa\u00e7\u00e3o e medicina. Foram canceladas 7.590 bolsas para financiar pesquisas de p\u00f3s-graduandos. No total, s\u00e3o 84,6 mil estudantes atendidos com financiamento.<br>As bolsas s\u00e3o financiadas pela Capes (Coordena\u00e7\u00e3o de Aperfei\u00e7oamento de Pessoal de N\u00edvel Superior), \u00f3rg\u00e3o vinculado ao Minist\u00e9rio da Educa\u00e7\u00e3o.<br> Comandada pelo ministro Abraham Weintraub, a pasta da Educa\u00e7\u00e3o passou por bloqueios de or\u00e7amento no ano passado. As medidas provocaram redu\u00e7\u00e3o de investimentos. <\/p>\n\n\n\n<figure class=\"wp-block-gallery columns-1 is-cropped wp-block-gallery-1 is-layout-flex wp-block-gallery-is-layout-flex\"><ul class=\"blocks-gallery-grid\"><li class=\"blocks-gallery-item\"><figure><img loading=\"lazy\" decoding=\"async\" width=\"678\" height=\"452\" src=\"http:\/\/blogdorogeriogomes.com.br\/wp-content\/uploads\/2020\/02\/IMG_20200217_100208_927.jpg\" alt=\"\" data-id=\"15631\" data-full-url=\"http:\/\/blogdorogeriogomes.com.br\/wp-content\/uploads\/2020\/02\/IMG_20200217_100208_927.jpg\" data-link=\"http:\/\/blogdorogeriogomes.com.br\/?attachment_id=15631\" class=\"wp-image-15631\" srcset=\"https:\/\/blogdorogeriogomes.com.br\/noticias\/wp-content\/uploads\/2020\/02\/IMG_20200217_100208_927.jpg 678w, https:\/\/blogdorogeriogomes.com.br\/noticias\/wp-content\/uploads\/2020\/02\/IMG_20200217_100208_927-300x200.jpg 300w\" sizes=\"auto, (max-width: 678px) 100vw, 678px\" \/><\/figure><\/li><\/ul><\/figure>\n","protected":false},"excerpt":{"rendered":"<p>Levantamento feito pelo jornal Folha de S. Paulo, por meio da Lei de Acesso \u00e0 Informa\u00e7\u00e3o, mostra que o corte de bolsas para p\u00f3s-gradua\u00e7\u00e3o feito pelo Governo Jair Bolsonaro em 2019 teve maior impacto no Nordeste. Os cursos mais atingidos s\u00e3o das \u00e1reas de engenharia, educa\u00e7\u00e3o e medicina. Foram canceladas 7.590 bolsas para financiar pesquisas de p\u00f3s-graduandos. No total, s\u00e3o 84,6 mil estudantes atendidos com financiamento.As bolsas s\u00e3o financiadas pela Capes (Coordena\u00e7\u00e3o de Aperfei\u00e7oamento de Pessoal de N\u00edvel Superior),&hellip;<\/p>\n","protected":false},"author":1,"featured_media":15631,"comment_status":"open","ping_status":"open","sticky":false,"template":"","format":"standard","meta":{"footnotes":""},"categories":[1],"tags":[],"class_list":["post-15630","post","type-post","status-publish","format-standard","has-post-thumbnail","hentry","category-noticias"],"_links":{"self":[{"href":"https:\/\/blogdorogeriogomes.com.br\/noticias\/wp-json\/wp\/v2\/posts\/15630","targetHints":{"allow":["GET"]}}],"collection":[{"href":"https:\/\/blogdorogeriogomes.com.br\/noticias\/wp-json\/wp\/v2\/posts"}],"about":[{"href":"https:\/\/blogdorogeriogomes.com.br\/noticias\/wp-json\/wp\/v2\/types\/post"}],"author":[{"embeddable":true,"href":"https:\/\/blogdorogeriogomes.com.br\/noticias\/wp-json\/wp\/v2\/users\/1"}],"replies":[{"embeddable":true,"href":"https:\/\/blogdorogeriogomes.com.br\/noticias\/wp-json\/wp\/v2\/comments?post=15630"}],"version-history":[{"count":1,"href":"https:\/\/blogdorogeriogomes.com.br\/noticias\/wp-json\/wp\/v2\/posts\/15630\/revisions"}],"predecessor-version":[{"id":15632,"href":"https:\/\/blogdorogeriogomes.com.br\/noticias\/wp-json\/wp\/v2\/posts\/15630\/revisions\/15632"}],"wp:featuredmedia":[{"embeddable":true,"href":"https:\/\/blogdorogeriogomes.com.br\/noticias\/wp-json\/wp\/v2\/media\/15631"}],"wp:attachment":[{"href":"https:\/\/blogdorogeriogomes.com.br\/noticias\/wp-json\/wp\/v2\/media?parent=15630"}],"wp:term":[{"taxonomy":"category","embeddable":true,"href":"https:\/\/blogdorogeriogomes.com.br\/noticias\/wp-json\/wp\/v2\/categories?post=15630"},{"taxonomy":"post_tag","embeddable":true,"href":"https:\/\/blogdorogeriogomes.com.br\/noticias\/wp-json\/wp\/v2\/tags?post=15630"}],"curies":[{"name":"wp","href":"https:\/\/api.w.org\/{rel}","templated":true}]}}