{"id":15633,"date":"2020-02-17T13:33:47","date_gmt":"2020-02-17T13:33:47","guid":{"rendered":"http:\/\/blogdorogeriogomes.com.br\/?p=15633"},"modified":"2020-02-17T14:13:17","modified_gmt":"2020-02-17T14:13:17","slug":"aproximacao-de-bretas-com-bolsonaro-pode-ter-relacao-com-indicacao-do-juiz-federal-para-vaga-no-stf","status":"publish","type":"post","link":"https:\/\/blogdorogeriogomes.com.br\/noticias\/2020\/02\/aproximacao-de-bretas-com-bolsonaro-pode-ter-relacao-com-indicacao-do-juiz-federal-para-vaga-no-stf\/","title":{"rendered":"Aproxima\u00e7\u00e3o de Bretas com Bolsonaro pode ter rela\u00e7\u00e3o com indica\u00e7\u00e3o do juiz federal para vaga no STF"},"content":{"rendered":"\n<p>Chamou a aten\u00e7\u00e3o, no \u00faltimo fim de semana, a presen\u00e7a do juiz federal Marcelo Bretas na inaugura\u00e7\u00e3o da al\u00e7a de liga\u00e7\u00e3o da Ponte Rio-Niter\u00f3i com a Linha Vermelha, no Rio de Janeiro. Ele chegou ao local no carro oficial do presidente Jair Bolsonaro e subiu em um palco para discursos ao lado de ministros, prefeitos e deputados. Bretas \u00e9 o respons\u00e1vel pelos processos da Opera\u00e7\u00e3o Lava-Jato no estado do Rio de Janeiro.<br>\nA proximidade do juiz federal com o presidente aumenta a especula\u00e7\u00e3o de que ele possa ser um dos cotados para a pr\u00f3xima vaga a surgir de ministro do Supremo Tribunal Federal. No ano passado, Bolsonaro afirmou que gostaria de nomear um ministro \u201cterrivelmente evang\u00e9lico\u201d para o STF. Marcelo Bretas atende a este perfil.<\/p>\n\n\n\n<figure class=\"wp-block-gallery columns-1 is-cropped wp-block-gallery-1 is-layout-flex wp-block-gallery-is-layout-flex\"><ul class=\"blocks-gallery-grid\"><li class=\"blocks-gallery-item\"><figure><img loading=\"lazy\" decoding=\"async\" width=\"645\" height=\"381\" src=\"http:\/\/blogdorogeriogomes.com.br\/wp-content\/uploads\/2020\/02\/IMG_20200217_102940_294.jpg\" alt=\"\" data-id=\"15634\" data-full-url=\"http:\/\/blogdorogeriogomes.com.br\/wp-content\/uploads\/2020\/02\/IMG_20200217_102940_294.jpg\" data-link=\"http:\/\/blogdorogeriogomes.com.br\/?attachment_id=15634\" class=\"wp-image-15634\" srcset=\"https:\/\/blogdorogeriogomes.com.br\/noticias\/wp-content\/uploads\/2020\/02\/IMG_20200217_102940_294.jpg 645w, https:\/\/blogdorogeriogomes.com.br\/noticias\/wp-content\/uploads\/2020\/02\/IMG_20200217_102940_294-300x177.jpg 300w\" sizes=\"auto, (max-width: 645px) 100vw, 645px\" \/><\/figure><\/li><\/ul><\/figure>\n","protected":false},"excerpt":{"rendered":"<p>Chamou a aten\u00e7\u00e3o, no \u00faltimo fim de semana, a presen\u00e7a do juiz federal Marcelo Bretas na inaugura\u00e7\u00e3o da al\u00e7a de liga\u00e7\u00e3o da Ponte Rio-Niter\u00f3i com a Linha Vermelha, no Rio de Janeiro. Ele chegou ao local no carro oficial do presidente Jair Bolsonaro e subiu em um palco para discursos ao lado de ministros, prefeitos e deputados. Bretas \u00e9 o respons\u00e1vel pelos processos da Opera\u00e7\u00e3o Lava-Jato no estado do Rio de Janeiro. A proximidade do juiz federal com o&hellip;<\/p>\n","protected":false},"author":1,"featured_media":15634,"comment_status":"open","ping_status":"open","sticky":false,"template":"","format":"standard","meta":{"footnotes":""},"categories":[1],"tags":[],"class_list":["post-15633","post","type-post","status-publish","format-standard","has-post-thumbnail","hentry","category-noticias"],"_links":{"self":[{"href":"https:\/\/blogdorogeriogomes.com.br\/noticias\/wp-json\/wp\/v2\/posts\/15633","targetHints":{"allow":["GET"]}}],"collection":[{"href":"https:\/\/blogdorogeriogomes.com.br\/noticias\/wp-json\/wp\/v2\/posts"}],"about":[{"href":"https:\/\/blogdorogeriogomes.com.br\/noticias\/wp-json\/wp\/v2\/types\/post"}],"author":[{"embeddable":true,"href":"https:\/\/blogdorogeriogomes.com.br\/noticias\/wp-json\/wp\/v2\/users\/1"}],"replies":[{"embeddable":true,"href":"https:\/\/blogdorogeriogomes.com.br\/noticias\/wp-json\/wp\/v2\/comments?post=15633"}],"version-history":[{"count":1,"href":"https:\/\/blogdorogeriogomes.com.br\/noticias\/wp-json\/wp\/v2\/posts\/15633\/revisions"}],"predecessor-version":[{"id":15635,"href":"https:\/\/blogdorogeriogomes.com.br\/noticias\/wp-json\/wp\/v2\/posts\/15633\/revisions\/15635"}],"wp:featuredmedia":[{"embeddable":true,"href":"https:\/\/blogdorogeriogomes.com.br\/noticias\/wp-json\/wp\/v2\/media\/15634"}],"wp:attachment":[{"href":"https:\/\/blogdorogeriogomes.com.br\/noticias\/wp-json\/wp\/v2\/media?parent=15633"}],"wp:term":[{"taxonomy":"category","embeddable":true,"href":"https:\/\/blogdorogeriogomes.com.br\/noticias\/wp-json\/wp\/v2\/categories?post=15633"},{"taxonomy":"post_tag","embeddable":true,"href":"https:\/\/blogdorogeriogomes.com.br\/noticias\/wp-json\/wp\/v2\/tags?post=15633"}],"curies":[{"name":"wp","href":"https:\/\/api.w.org\/{rel}","templated":true}]}}