{"id":15636,"date":"2020-02-17T17:19:26","date_gmt":"2020-02-17T17:19:26","guid":{"rendered":"http:\/\/blogdorogeriogomes.com.br\/?p=15636"},"modified":"2020-02-19T11:20:43","modified_gmt":"2020-02-19T11:20:43","slug":"ministerio-publico-ameaca-bloqueio-de-contas-de-associacoes-militares-em-caso-de-greve","status":"publish","type":"post","link":"https:\/\/blogdorogeriogomes.com.br\/noticias\/2020\/02\/ministerio-publico-ameaca-bloqueio-de-contas-de-associacoes-militares-em-caso-de-greve\/","title":{"rendered":"Minist\u00e9rio P\u00fablico amea\u00e7a bloqueio de contas de associa\u00e7\u00f5es militares em caso de greve"},"content":{"rendered":"\n<p>O Minist\u00e9rio P\u00fablico do Cear\u00e1 come\u00e7ou a agir de forma dura contra as associa\u00e7\u00f5es de militares e bombeiros, que reacendem a possibilidade de paralisa\u00e7\u00e3o das categorias no Estado. Nesta ter\u00e7a-feira, dia 18 de fevereiro, est\u00e1 marcada uma assembleia de policiais e bombeiros que v\u00e3o analisar a \u00faltima proposta de reestrutura\u00e7\u00e3o salarial feita pelo Governo do Estado. Como j\u00e1 foi antecipada pelas lideran\u00e7as, a oferta de reajuste n\u00e3o foi bem aceita.<br>O MP do Cear\u00e1 entrou com&nbsp;uma a\u00e7\u00e3o na Justi\u00e7a pedindo o bloqueio das contas banc\u00e1rias de cinco&nbsp;associa\u00e7\u00f5es de militares, que estariam se movimentando para puxar uma greve. A multa em caso de uma paralisa\u00e7\u00e3o da pol\u00edcia e bombeiros pode chegar a R$ 1 milh\u00e3o de reais. <br> O argumento do Minist\u00e9rio P\u00fablico \u00e9 que as entidades estariam desrespeitando &#8220;as proibi\u00e7\u00f5es constitucionais de sindicaliza\u00e7\u00e3o e greve de militares&#8221;.&nbsp;<br>O procurador-geral de Justi\u00e7a do Cear\u00e1, Manuel Pinheiro, promete responsabilizar dirigentes e as associa\u00e7\u00f5es no caso de deflagra\u00e7\u00e3o de greve e consequentes preju\u00edzos \u00e0 popula\u00e7\u00e3o.<\/p>\n\n\n\n<figure class=\"wp-block-gallery columns-1 is-cropped wp-block-gallery-1 is-layout-flex wp-block-gallery-is-layout-flex\"><ul class=\"blocks-gallery-grid\"><li class=\"blocks-gallery-item\"><figure><img loading=\"lazy\" decoding=\"async\" width=\"664\" height=\"451\" src=\"http:\/\/blogdorogeriogomes.com.br\/wp-content\/uploads\/2020\/02\/IMG_20200217_141013_695.jpg\" alt=\"\" data-id=\"15637\" data-full-url=\"http:\/\/blogdorogeriogomes.com.br\/wp-content\/uploads\/2020\/02\/IMG_20200217_141013_695.jpg\" data-link=\"http:\/\/blogdorogeriogomes.com.br\/?attachment_id=15637\" class=\"wp-image-15637\" srcset=\"https:\/\/blogdorogeriogomes.com.br\/noticias\/wp-content\/uploads\/2020\/02\/IMG_20200217_141013_695.jpg 664w, https:\/\/blogdorogeriogomes.com.br\/noticias\/wp-content\/uploads\/2020\/02\/IMG_20200217_141013_695-300x204.jpg 300w\" sizes=\"auto, (max-width: 664px) 100vw, 664px\" \/><\/figure><\/li><\/ul><\/figure>\n","protected":false},"excerpt":{"rendered":"<p>O Minist\u00e9rio P\u00fablico do Cear\u00e1 come\u00e7ou a agir de forma dura contra as associa\u00e7\u00f5es de militares e bombeiros, que reacendem a possibilidade de paralisa\u00e7\u00e3o das categorias no Estado. Nesta ter\u00e7a-feira, dia 18 de fevereiro, est\u00e1 marcada uma assembleia de policiais e bombeiros que v\u00e3o analisar a \u00faltima proposta de reestrutura\u00e7\u00e3o salarial feita pelo Governo do Estado. Como j\u00e1 foi antecipada pelas lideran\u00e7as, a oferta de reajuste n\u00e3o foi bem aceita.O MP do Cear\u00e1 entrou com&nbsp;uma a\u00e7\u00e3o na Justi\u00e7a pedindo&hellip;<\/p>\n","protected":false},"author":1,"featured_media":15637,"comment_status":"open","ping_status":"open","sticky":false,"template":"","format":"standard","meta":{"footnotes":""},"categories":[1],"tags":[],"class_list":["post-15636","post","type-post","status-publish","format-standard","has-post-thumbnail","hentry","category-noticias"],"_links":{"self":[{"href":"https:\/\/blogdorogeriogomes.com.br\/noticias\/wp-json\/wp\/v2\/posts\/15636","targetHints":{"allow":["GET"]}}],"collection":[{"href":"https:\/\/blogdorogeriogomes.com.br\/noticias\/wp-json\/wp\/v2\/posts"}],"about":[{"href":"https:\/\/blogdorogeriogomes.com.br\/noticias\/wp-json\/wp\/v2\/types\/post"}],"author":[{"embeddable":true,"href":"https:\/\/blogdorogeriogomes.com.br\/noticias\/wp-json\/wp\/v2\/users\/1"}],"replies":[{"embeddable":true,"href":"https:\/\/blogdorogeriogomes.com.br\/noticias\/wp-json\/wp\/v2\/comments?post=15636"}],"version-history":[{"count":2,"href":"https:\/\/blogdorogeriogomes.com.br\/noticias\/wp-json\/wp\/v2\/posts\/15636\/revisions"}],"predecessor-version":[{"id":15639,"href":"https:\/\/blogdorogeriogomes.com.br\/noticias\/wp-json\/wp\/v2\/posts\/15636\/revisions\/15639"}],"wp:featuredmedia":[{"embeddable":true,"href":"https:\/\/blogdorogeriogomes.com.br\/noticias\/wp-json\/wp\/v2\/media\/15637"}],"wp:attachment":[{"href":"https:\/\/blogdorogeriogomes.com.br\/noticias\/wp-json\/wp\/v2\/media?parent=15636"}],"wp:term":[{"taxonomy":"category","embeddable":true,"href":"https:\/\/blogdorogeriogomes.com.br\/noticias\/wp-json\/wp\/v2\/categories?post=15636"},{"taxonomy":"post_tag","embeddable":true,"href":"https:\/\/blogdorogeriogomes.com.br\/noticias\/wp-json\/wp\/v2\/tags?post=15636"}],"curies":[{"name":"wp","href":"https:\/\/api.w.org\/{rel}","templated":true}]}}