{"id":15640,"date":"2020-02-17T20:11:22","date_gmt":"2020-02-17T20:11:22","guid":{"rendered":"http:\/\/blogdorogeriogomes.com.br\/?p=15640"},"modified":"2020-02-19T11:20:46","modified_gmt":"2020-02-19T11:20:46","slug":"camilo-santana-inaugura-reforma-do-aeroporto-de-iguatu-e-acompanha-retomada-de-voo-para-fortaleza","status":"publish","type":"post","link":"https:\/\/blogdorogeriogomes.com.br\/noticias\/2020\/02\/camilo-santana-inaugura-reforma-do-aeroporto-de-iguatu-e-acompanha-retomada-de-voo-para-fortaleza\/","title":{"rendered":"Camilo Santana inaugura reforma do Aeroporto de Iguatu e acompanha retomada de voo para Fortaleza"},"content":{"rendered":"\n<p>O Aeroporto de Iguatu, na Regi\u00e3o Centro-Sul do Cear\u00e1, come\u00e7a a receber, nesta ter\u00e7a-feira, dia 18 de fevereiro, dois voos semanais de Fortaleza. O governador do Cear\u00e1, Camilo Santana, inaugura a reforma do aeroporto de Iguatu, nesta ter\u00e7a-feira, e acompanha a chegada do primeiro voo regional vindo da Capital.<br>\nO voo ser\u00e1 operado por aeronaves Grand Caravan, da empresa Two Flex, que t\u00eam capacidade para nove passageiros. As passagens est\u00e3o sendo comercializadas pela GOL que tamb\u00e9m passa a operar voo de Fortaleza para Jericoacoara. A famosa praia cearense ter\u00e1 tr\u00eas voos di\u00e1rios saindo da Capital. A GOL j\u00e1 mant\u00e9m, desde o ultimo dia 3 de fevereiro, dois voos di\u00e1rios para Juazeiro do Norte, na Regi\u00e3o do Cariri.<\/p>\n\n\n\n<figure class=\"wp-block-gallery columns-1 is-cropped wp-block-gallery-1 is-layout-flex wp-block-gallery-is-layout-flex\"><ul class=\"blocks-gallery-grid\"><li class=\"blocks-gallery-item\"><figure><img loading=\"lazy\" decoding=\"async\" width=\"795\" height=\"763\" src=\"http:\/\/blogdorogeriogomes.com.br\/wp-content\/uploads\/2020\/02\/IMG_20200217_170501_452.jpg\" alt=\"\" data-id=\"15641\" data-full-url=\"http:\/\/blogdorogeriogomes.com.br\/wp-content\/uploads\/2020\/02\/IMG_20200217_170501_452.jpg\" data-link=\"http:\/\/blogdorogeriogomes.com.br\/?attachment_id=15641\" class=\"wp-image-15641\" srcset=\"https:\/\/blogdorogeriogomes.com.br\/noticias\/wp-content\/uploads\/2020\/02\/IMG_20200217_170501_452.jpg 795w, https:\/\/blogdorogeriogomes.com.br\/noticias\/wp-content\/uploads\/2020\/02\/IMG_20200217_170501_452-300x288.jpg 300w, https:\/\/blogdorogeriogomes.com.br\/noticias\/wp-content\/uploads\/2020\/02\/IMG_20200217_170501_452-768x737.jpg 768w\" sizes=\"auto, (max-width: 795px) 100vw, 795px\" \/><\/figure><\/li><\/ul><\/figure>\n","protected":false},"excerpt":{"rendered":"<p>O Aeroporto de Iguatu, na Regi\u00e3o Centro-Sul do Cear\u00e1, come\u00e7a a receber, nesta ter\u00e7a-feira, dia 18 de fevereiro, dois voos semanais de Fortaleza. O governador do Cear\u00e1, Camilo Santana, inaugura a reforma do aeroporto de Iguatu, nesta ter\u00e7a-feira, e acompanha a chegada do primeiro voo regional vindo da Capital. O voo ser\u00e1 operado por aeronaves Grand Caravan, da empresa Two Flex, que t\u00eam capacidade para nove passageiros. As passagens est\u00e3o sendo comercializadas pela GOL que tamb\u00e9m passa a operar&hellip;<\/p>\n","protected":false},"author":1,"featured_media":15641,"comment_status":"open","ping_status":"open","sticky":false,"template":"","format":"standard","meta":{"footnotes":""},"categories":[1],"tags":[],"class_list":["post-15640","post","type-post","status-publish","format-standard","has-post-thumbnail","hentry","category-noticias"],"_links":{"self":[{"href":"https:\/\/blogdorogeriogomes.com.br\/noticias\/wp-json\/wp\/v2\/posts\/15640","targetHints":{"allow":["GET"]}}],"collection":[{"href":"https:\/\/blogdorogeriogomes.com.br\/noticias\/wp-json\/wp\/v2\/posts"}],"about":[{"href":"https:\/\/blogdorogeriogomes.com.br\/noticias\/wp-json\/wp\/v2\/types\/post"}],"author":[{"embeddable":true,"href":"https:\/\/blogdorogeriogomes.com.br\/noticias\/wp-json\/wp\/v2\/users\/1"}],"replies":[{"embeddable":true,"href":"https:\/\/blogdorogeriogomes.com.br\/noticias\/wp-json\/wp\/v2\/comments?post=15640"}],"version-history":[{"count":1,"href":"https:\/\/blogdorogeriogomes.com.br\/noticias\/wp-json\/wp\/v2\/posts\/15640\/revisions"}],"predecessor-version":[{"id":15642,"href":"https:\/\/blogdorogeriogomes.com.br\/noticias\/wp-json\/wp\/v2\/posts\/15640\/revisions\/15642"}],"wp:featuredmedia":[{"embeddable":true,"href":"https:\/\/blogdorogeriogomes.com.br\/noticias\/wp-json\/wp\/v2\/media\/15641"}],"wp:attachment":[{"href":"https:\/\/blogdorogeriogomes.com.br\/noticias\/wp-json\/wp\/v2\/media?parent=15640"}],"wp:term":[{"taxonomy":"category","embeddable":true,"href":"https:\/\/blogdorogeriogomes.com.br\/noticias\/wp-json\/wp\/v2\/categories?post=15640"},{"taxonomy":"post_tag","embeddable":true,"href":"https:\/\/blogdorogeriogomes.com.br\/noticias\/wp-json\/wp\/v2\/tags?post=15640"}],"curies":[{"name":"wp","href":"https:\/\/api.w.org\/{rel}","templated":true}]}}