{"id":15643,"date":"2020-02-18T09:29:19","date_gmt":"2020-02-18T09:29:19","guid":{"rendered":"http:\/\/blogdorogeriogomes.com.br\/?p=15643"},"modified":"2020-02-19T11:17:10","modified_gmt":"2020-02-19T11:17:10","slug":"dirigentes-do-pros-no-ceara-avaliam-que-denuncias-sobre-presidente-nacional-nao-afetam-o-diretorio-local","status":"publish","type":"post","link":"https:\/\/blogdorogeriogomes.com.br\/noticias\/2020\/02\/dirigentes-do-pros-no-ceara-avaliam-que-denuncias-sobre-presidente-nacional-nao-afetam-o-diretorio-local\/","title":{"rendered":"Dirigentes do Pros no Cear\u00e1 avaliam que den\u00fancias sobre presidente nacional n\u00e3o afetam o diret\u00f3rio local"},"content":{"rendered":"\n<p>O presidente do Pros no Cear\u00e1, deputado federal Capit\u00e3o Wagner Souza, aguarda com expectativa os desdobramentos sobre as investiga\u00e7\u00f5es contra o presidente nacional da legenda, Eur\u00edpedes J\u00fanior, que est\u00e1 sob investiga\u00e7\u00e3o da Pol\u00edcia Federal e do Minist\u00e9rio P\u00fablico, al\u00e9m do Tribunal Regional Eleitoral do Distrito Federal, por suspeitas de irregularidades na campanha eleitoral de 2018. <br>\nReportagem veiculada pelo &#8220;Fant\u00e1stico&#8221;, da TV Globo, no domingo, dia 16 de fevereiro, revelou den\u00fancias de que a dire\u00e7\u00e3o nacional do Pros estaria praticando lavagem de dinheiro e superfaturamento na presta\u00e7\u00e3o de contas de candidatos, atrav\u00e9s do desvio de recursos do Fundo Eleitoral.<br>\nAs suspeitas contra Eur\u00edpedes J\u00fanior acabaram gerando desgastes nos membros do partido. O deputado federal Capit\u00e3o Wagner avalia que o diret\u00f3rio estadual no Cear\u00e1 n\u00e3o deve ser atingido pelas suspeitas.<\/p>\n\n\n\n<figure class=\"wp-block-gallery columns-1 is-cropped wp-block-gallery-1 is-layout-flex wp-block-gallery-is-layout-flex\"><ul class=\"blocks-gallery-grid\"><li class=\"blocks-gallery-item\"><figure><img loading=\"lazy\" decoding=\"async\" width=\"593\" height=\"480\" src=\"http:\/\/blogdorogeriogomes.com.br\/wp-content\/uploads\/2020\/02\/IMG_20200218_062014_027.jpg\" alt=\"\" data-id=\"15644\" data-full-url=\"http:\/\/blogdorogeriogomes.com.br\/wp-content\/uploads\/2020\/02\/IMG_20200218_062014_027.jpg\" data-link=\"http:\/\/blogdorogeriogomes.com.br\/?attachment_id=15644\" class=\"wp-image-15644\" srcset=\"https:\/\/blogdorogeriogomes.com.br\/noticias\/wp-content\/uploads\/2020\/02\/IMG_20200218_062014_027.jpg 593w, https:\/\/blogdorogeriogomes.com.br\/noticias\/wp-content\/uploads\/2020\/02\/IMG_20200218_062014_027-300x243.jpg 300w\" sizes=\"auto, (max-width: 593px) 100vw, 593px\" \/><\/figure><\/li><\/ul><\/figure>\n","protected":false},"excerpt":{"rendered":"<p>O presidente do Pros no Cear\u00e1, deputado federal Capit\u00e3o Wagner Souza, aguarda com expectativa os desdobramentos sobre as investiga\u00e7\u00f5es contra o presidente nacional da legenda, Eur\u00edpedes J\u00fanior, que est\u00e1 sob investiga\u00e7\u00e3o da Pol\u00edcia Federal e do Minist\u00e9rio P\u00fablico, al\u00e9m do Tribunal Regional Eleitoral do Distrito Federal, por suspeitas de irregularidades na campanha eleitoral de 2018. Reportagem veiculada pelo &#8220;Fant\u00e1stico&#8221;, da TV Globo, no domingo, dia 16 de fevereiro, revelou den\u00fancias de que a dire\u00e7\u00e3o nacional do Pros estaria praticando&hellip;<\/p>\n","protected":false},"author":1,"featured_media":15644,"comment_status":"open","ping_status":"open","sticky":false,"template":"","format":"standard","meta":{"footnotes":""},"categories":[1],"tags":[],"class_list":["post-15643","post","type-post","status-publish","format-standard","has-post-thumbnail","hentry","category-noticias"],"_links":{"self":[{"href":"https:\/\/blogdorogeriogomes.com.br\/noticias\/wp-json\/wp\/v2\/posts\/15643","targetHints":{"allow":["GET"]}}],"collection":[{"href":"https:\/\/blogdorogeriogomes.com.br\/noticias\/wp-json\/wp\/v2\/posts"}],"about":[{"href":"https:\/\/blogdorogeriogomes.com.br\/noticias\/wp-json\/wp\/v2\/types\/post"}],"author":[{"embeddable":true,"href":"https:\/\/blogdorogeriogomes.com.br\/noticias\/wp-json\/wp\/v2\/users\/1"}],"replies":[{"embeddable":true,"href":"https:\/\/blogdorogeriogomes.com.br\/noticias\/wp-json\/wp\/v2\/comments?post=15643"}],"version-history":[{"count":1,"href":"https:\/\/blogdorogeriogomes.com.br\/noticias\/wp-json\/wp\/v2\/posts\/15643\/revisions"}],"predecessor-version":[{"id":15645,"href":"https:\/\/blogdorogeriogomes.com.br\/noticias\/wp-json\/wp\/v2\/posts\/15643\/revisions\/15645"}],"wp:featuredmedia":[{"embeddable":true,"href":"https:\/\/blogdorogeriogomes.com.br\/noticias\/wp-json\/wp\/v2\/media\/15644"}],"wp:attachment":[{"href":"https:\/\/blogdorogeriogomes.com.br\/noticias\/wp-json\/wp\/v2\/media?parent=15643"}],"wp:term":[{"taxonomy":"category","embeddable":true,"href":"https:\/\/blogdorogeriogomes.com.br\/noticias\/wp-json\/wp\/v2\/categories?post=15643"},{"taxonomy":"post_tag","embeddable":true,"href":"https:\/\/blogdorogeriogomes.com.br\/noticias\/wp-json\/wp\/v2\/tags?post=15643"}],"curies":[{"name":"wp","href":"https:\/\/api.w.org\/{rel}","templated":true}]}}