{"id":15646,"date":"2020-02-18T09:42:26","date_gmt":"2020-02-18T09:42:26","guid":{"rendered":"http:\/\/blogdorogeriogomes.com.br\/?p=15646"},"modified":"2020-02-19T11:20:53","modified_gmt":"2020-02-19T11:20:53","slug":"vereadores-de-granjeiro-decidem-afastar-prefeito-do-municipio-ticiano-tome-por-90-dias","status":"publish","type":"post","link":"https:\/\/blogdorogeriogomes.com.br\/noticias\/2020\/02\/vereadores-de-granjeiro-decidem-afastar-prefeito-do-municipio-ticiano-tome-por-90-dias\/","title":{"rendered":"Vereadores de Granjeiro decidem afastar prefeito do Munic\u00edpio, Ticiano Tom\u00e9, por 90 dias"},"content":{"rendered":"\n<p>Vereadores de Granjeiro, na Regi\u00e3o Sul do Cear\u00e1, decidiram pelo afastamento do prefeito da cidade Ticiano Tom\u00e9, nesta segunda-feira, dia 17 de fevereiro. Ticiano Tom\u00e9 ficar\u00e1 afastado do cargo por 90 dias. Ele tinha tomado posse na Prefeitura ap\u00f3s o assassinato do ex-prefeito Jo\u00e3o Greg\u00f3rio Neto, o Jo\u00e3o do Povo, em 24 de dezembro do ano passado.<br>\nAp\u00f3s o in\u00edcio das investiga\u00e7\u00f5es, a Pol\u00edcia Civil apontou que Ticiano Tom\u00e9 e o pai dele, Vicente Tom\u00e9, tamb\u00e9m ex-prefeito do Munic\u00edpio, apareciam como suspeitos de ser mandantes do crime.<br>\nO presidente da C\u00e2mara Municipal, Luiz M\u00e1rcio Pereira, assume interinamente o cargo de prefeito de Granjeiro.<\/p>\n\n\n\n<figure class=\"wp-block-gallery columns-1 is-cropped wp-block-gallery-1 is-layout-flex wp-block-gallery-is-layout-flex\"><ul class=\"blocks-gallery-grid\"><li class=\"blocks-gallery-item\"><figure><img loading=\"lazy\" decoding=\"async\" width=\"750\" height=\"499\" src=\"http:\/\/blogdorogeriogomes.com.br\/wp-content\/uploads\/2020\/02\/IMG_20200218_063752_818.jpg\" alt=\"\" data-id=\"15647\" data-full-url=\"http:\/\/blogdorogeriogomes.com.br\/wp-content\/uploads\/2020\/02\/IMG_20200218_063752_818.jpg\" data-link=\"http:\/\/blogdorogeriogomes.com.br\/?attachment_id=15647\" class=\"wp-image-15647\" srcset=\"https:\/\/blogdorogeriogomes.com.br\/noticias\/wp-content\/uploads\/2020\/02\/IMG_20200218_063752_818.jpg 750w, https:\/\/blogdorogeriogomes.com.br\/noticias\/wp-content\/uploads\/2020\/02\/IMG_20200218_063752_818-300x200.jpg 300w\" sizes=\"auto, (max-width: 750px) 100vw, 750px\" \/><\/figure><\/li><\/ul><\/figure>\n","protected":false},"excerpt":{"rendered":"<p>Vereadores de Granjeiro, na Regi\u00e3o Sul do Cear\u00e1, decidiram pelo afastamento do prefeito da cidade Ticiano Tom\u00e9, nesta segunda-feira, dia 17 de fevereiro. Ticiano Tom\u00e9 ficar\u00e1 afastado do cargo por 90 dias. Ele tinha tomado posse na Prefeitura ap\u00f3s o assassinato do ex-prefeito Jo\u00e3o Greg\u00f3rio Neto, o Jo\u00e3o do Povo, em 24 de dezembro do ano passado. Ap\u00f3s o in\u00edcio das investiga\u00e7\u00f5es, a Pol\u00edcia Civil apontou que Ticiano Tom\u00e9 e o pai dele, Vicente Tom\u00e9, tamb\u00e9m ex-prefeito do Munic\u00edpio,&hellip;<\/p>\n","protected":false},"author":1,"featured_media":15647,"comment_status":"open","ping_status":"open","sticky":false,"template":"","format":"standard","meta":{"footnotes":""},"categories":[1],"tags":[],"class_list":["post-15646","post","type-post","status-publish","format-standard","has-post-thumbnail","hentry","category-noticias"],"_links":{"self":[{"href":"https:\/\/blogdorogeriogomes.com.br\/noticias\/wp-json\/wp\/v2\/posts\/15646","targetHints":{"allow":["GET"]}}],"collection":[{"href":"https:\/\/blogdorogeriogomes.com.br\/noticias\/wp-json\/wp\/v2\/posts"}],"about":[{"href":"https:\/\/blogdorogeriogomes.com.br\/noticias\/wp-json\/wp\/v2\/types\/post"}],"author":[{"embeddable":true,"href":"https:\/\/blogdorogeriogomes.com.br\/noticias\/wp-json\/wp\/v2\/users\/1"}],"replies":[{"embeddable":true,"href":"https:\/\/blogdorogeriogomes.com.br\/noticias\/wp-json\/wp\/v2\/comments?post=15646"}],"version-history":[{"count":1,"href":"https:\/\/blogdorogeriogomes.com.br\/noticias\/wp-json\/wp\/v2\/posts\/15646\/revisions"}],"predecessor-version":[{"id":15648,"href":"https:\/\/blogdorogeriogomes.com.br\/noticias\/wp-json\/wp\/v2\/posts\/15646\/revisions\/15648"}],"wp:featuredmedia":[{"embeddable":true,"href":"https:\/\/blogdorogeriogomes.com.br\/noticias\/wp-json\/wp\/v2\/media\/15647"}],"wp:attachment":[{"href":"https:\/\/blogdorogeriogomes.com.br\/noticias\/wp-json\/wp\/v2\/media?parent=15646"}],"wp:term":[{"taxonomy":"category","embeddable":true,"href":"https:\/\/blogdorogeriogomes.com.br\/noticias\/wp-json\/wp\/v2\/categories?post=15646"},{"taxonomy":"post_tag","embeddable":true,"href":"https:\/\/blogdorogeriogomes.com.br\/noticias\/wp-json\/wp\/v2\/tags?post=15646"}],"curies":[{"name":"wp","href":"https:\/\/api.w.org\/{rel}","templated":true}]}}