{"id":15649,"date":"2020-02-18T23:37:04","date_gmt":"2020-02-18T23:37:04","guid":{"rendered":"http:\/\/blogdorogeriogomes.com.br\/?p=15649"},"modified":"2020-02-19T11:19:07","modified_gmt":"2020-02-19T11:19:07","slug":"tres-policiais-sao-presos-em-manifestacao-batalhao-de-choque-cerca-18-bpm-em-fortaleza","status":"publish","type":"post","link":"https:\/\/blogdorogeriogomes.com.br\/noticias\/2020\/02\/tres-policiais-sao-presos-em-manifestacao-batalhao-de-choque-cerca-18-bpm-em-fortaleza\/","title":{"rendered":"Tr\u00eas policiais s\u00e3o presos em manifesta\u00e7\u00e3o. Batalh\u00e3o de Choque cerca 18\u00b0 BPM em Fortaleza"},"content":{"rendered":"\n<p>Tr\u00eas policiais foram presos, nesta ter\u00e7a-feira, dia 18 de fevereiro, em frente ao 18\u00ba Batalh\u00e3o de Pol\u00edcia Militar, no bairro Ant\u00f4nio Bezerra, em Fortaleza. Eles participavam com familiares de um protesto contra a proposta de reajuste salarial oferecida pelo Governo do Estado. Os policiais estavam armados, usavam balaclavas e tentavam esvaziar pneus das viaturas.<br> A situa\u00e7\u00e3o \u00e9 tensa porque o Batalh\u00e3o de Choque cercou o per\u00edmetro da unidade da PM para dispersar os manifestantes. A Justi\u00e7a do Cear\u00e1 manteve decis\u00e3o que permite que agentes de seguran\u00e7a sejam presos se promoverem greves e manifesta\u00e7\u00f5es no Estado.<br> Cinco associa\u00e7\u00f5es de policiais e bombeiros militares est\u00e3o proibidas pela Justi\u00e7a de promoverem qualquer manifesta\u00e7\u00e3o, sob pena de bloqueio de contas banc\u00e1rias e pagamento de multa de R$ 500 mil por dia.<\/p>\n\n\n\n<figure class=\"wp-block-gallery columns-1 is-cropped wp-block-gallery-1 is-layout-flex wp-block-gallery-is-layout-flex\"><ul class=\"blocks-gallery-grid\"><li class=\"blocks-gallery-item\"><figure><img loading=\"lazy\" decoding=\"async\" width=\"628\" height=\"627\" src=\"http:\/\/blogdorogeriogomes.com.br\/wp-content\/uploads\/2020\/02\/IMG_20200218_203252_848.jpg\" alt=\"\" data-id=\"15650\" data-full-url=\"http:\/\/blogdorogeriogomes.com.br\/wp-content\/uploads\/2020\/02\/IMG_20200218_203252_848.jpg\" data-link=\"http:\/\/blogdorogeriogomes.com.br\/?attachment_id=15650\" class=\"wp-image-15650\" srcset=\"https:\/\/blogdorogeriogomes.com.br\/noticias\/wp-content\/uploads\/2020\/02\/IMG_20200218_203252_848.jpg 628w, https:\/\/blogdorogeriogomes.com.br\/noticias\/wp-content\/uploads\/2020\/02\/IMG_20200218_203252_848-300x300.jpg 300w, https:\/\/blogdorogeriogomes.com.br\/noticias\/wp-content\/uploads\/2020\/02\/IMG_20200218_203252_848-150x150.jpg 150w, https:\/\/blogdorogeriogomes.com.br\/noticias\/wp-content\/uploads\/2020\/02\/IMG_20200218_203252_848-250x250.jpg 250w\" sizes=\"auto, (max-width: 628px) 100vw, 628px\" \/><\/figure><\/li><\/ul><\/figure>\n","protected":false},"excerpt":{"rendered":"<p>Tr\u00eas policiais foram presos, nesta ter\u00e7a-feira, dia 18 de fevereiro, em frente ao 18\u00ba Batalh\u00e3o de Pol\u00edcia Militar, no bairro Ant\u00f4nio Bezerra, em Fortaleza. Eles participavam com familiares de um protesto contra a proposta de reajuste salarial oferecida pelo Governo do Estado. Os policiais estavam armados, usavam balaclavas e tentavam esvaziar pneus das viaturas. A situa\u00e7\u00e3o \u00e9 tensa porque o Batalh\u00e3o de Choque cercou o per\u00edmetro da unidade da PM para dispersar os manifestantes. A Justi\u00e7a do Cear\u00e1 manteve&hellip;<\/p>\n","protected":false},"author":1,"featured_media":15650,"comment_status":"open","ping_status":"open","sticky":false,"template":"","format":"standard","meta":{"footnotes":""},"categories":[1],"tags":[],"class_list":["post-15649","post","type-post","status-publish","format-standard","has-post-thumbnail","hentry","category-noticias"],"_links":{"self":[{"href":"https:\/\/blogdorogeriogomes.com.br\/noticias\/wp-json\/wp\/v2\/posts\/15649","targetHints":{"allow":["GET"]}}],"collection":[{"href":"https:\/\/blogdorogeriogomes.com.br\/noticias\/wp-json\/wp\/v2\/posts"}],"about":[{"href":"https:\/\/blogdorogeriogomes.com.br\/noticias\/wp-json\/wp\/v2\/types\/post"}],"author":[{"embeddable":true,"href":"https:\/\/blogdorogeriogomes.com.br\/noticias\/wp-json\/wp\/v2\/users\/1"}],"replies":[{"embeddable":true,"href":"https:\/\/blogdorogeriogomes.com.br\/noticias\/wp-json\/wp\/v2\/comments?post=15649"}],"version-history":[{"count":1,"href":"https:\/\/blogdorogeriogomes.com.br\/noticias\/wp-json\/wp\/v2\/posts\/15649\/revisions"}],"predecessor-version":[{"id":15651,"href":"https:\/\/blogdorogeriogomes.com.br\/noticias\/wp-json\/wp\/v2\/posts\/15649\/revisions\/15651"}],"wp:featuredmedia":[{"embeddable":true,"href":"https:\/\/blogdorogeriogomes.com.br\/noticias\/wp-json\/wp\/v2\/media\/15650"}],"wp:attachment":[{"href":"https:\/\/blogdorogeriogomes.com.br\/noticias\/wp-json\/wp\/v2\/media?parent=15649"}],"wp:term":[{"taxonomy":"category","embeddable":true,"href":"https:\/\/blogdorogeriogomes.com.br\/noticias\/wp-json\/wp\/v2\/categories?post=15649"},{"taxonomy":"post_tag","embeddable":true,"href":"https:\/\/blogdorogeriogomes.com.br\/noticias\/wp-json\/wp\/v2\/tags?post=15649"}],"curies":[{"name":"wp","href":"https:\/\/api.w.org\/{rel}","templated":true}]}}