{"id":15653,"date":"2020-02-19T09:20:15","date_gmt":"2020-02-19T09:20:15","guid":{"rendered":"http:\/\/blogdorogeriogomes.com.br\/?p=15653"},"modified":"2020-02-19T11:16:05","modified_gmt":"2020-02-19T11:16:05","slug":"governo-estadual-decide-cortar-os-salarios-do-mes-de-pms-envolvidos-em-protestos","status":"publish","type":"post","link":"https:\/\/blogdorogeriogomes.com.br\/noticias\/2020\/02\/governo-estadual-decide-cortar-os-salarios-do-mes-de-pms-envolvidos-em-protestos\/","title":{"rendered":"Governo Estadual decide cortar os sal\u00e1rios do m\u00eas de PMs envolvidos em protestos"},"content":{"rendered":"\n<p>O Governo do Estado decidiu endurecer com os policiais militares que se envolveram em manifesta\u00e7\u00f5es, nesta ter\u00e7a-feira, dia 18 de fevereiro. Foram instaurados Inqu\u00e9ritos Policiais Militares (IPM) contra 150 policiais envolvidos em atos que configuram crime militar. Tamb\u00e9m foi determinado que os PMs, envolvidos nos protestos, ser\u00e3o exclu\u00eddos da folha de pagamento deste m\u00eas pela Secretaria de Planejamento do Cear\u00e1. Ou seja, v\u00e3o ficar sem sal\u00e1rio. Os policiais que abandonarem o servi\u00e7o sofrer\u00e3o as mesmas san\u00e7\u00f5es.<br>\nPoliciais civis, que n\u00e3o aderiram aos protestos, est\u00e3o ajudando no patrulhamento das ruas da Capital e Regi\u00e3o Metropolitana, por determina\u00e7\u00e3o do governador Camilo Santana. Na madrugada de hoje, 21 equipes com inspetores, escriv\u00e3es e delegados circularam pela cidade.<br>\nO Sindionibus negou qualquer recolhimento de frota por causa dos protestos dos policiais em Fortaleza. A entidade afirmou que a circula\u00e7\u00e3o de \u00f4nibus est\u00e1 normal nesta quarta-feira, dia 19 de fevereiro.<\/p>\n\n\n\n<figure class=\"wp-block-gallery columns-1 is-cropped wp-block-gallery-1 is-layout-flex wp-block-gallery-is-layout-flex\"><ul class=\"blocks-gallery-grid\"><li class=\"blocks-gallery-item\"><figure><img loading=\"lazy\" decoding=\"async\" width=\"600\" height=\"450\" src=\"http:\/\/blogdorogeriogomes.com.br\/wp-content\/uploads\/2020\/02\/IMG_20200219_061721_696.jpg\" alt=\"\" data-id=\"15654\" data-full-url=\"http:\/\/blogdorogeriogomes.com.br\/wp-content\/uploads\/2020\/02\/IMG_20200219_061721_696.jpg\" data-link=\"http:\/\/blogdorogeriogomes.com.br\/?attachment_id=15654\" class=\"wp-image-15654\" srcset=\"https:\/\/blogdorogeriogomes.com.br\/noticias\/wp-content\/uploads\/2020\/02\/IMG_20200219_061721_696.jpg 600w, https:\/\/blogdorogeriogomes.com.br\/noticias\/wp-content\/uploads\/2020\/02\/IMG_20200219_061721_696-300x225.jpg 300w, https:\/\/blogdorogeriogomes.com.br\/noticias\/wp-content\/uploads\/2020\/02\/IMG_20200219_061721_696-400x300.jpg 400w\" sizes=\"auto, (max-width: 600px) 100vw, 600px\" \/><\/figure><\/li><\/ul><\/figure>\n","protected":false},"excerpt":{"rendered":"<p>O Governo do Estado decidiu endurecer com os policiais militares que se envolveram em manifesta\u00e7\u00f5es, nesta ter\u00e7a-feira, dia 18 de fevereiro. Foram instaurados Inqu\u00e9ritos Policiais Militares (IPM) contra 150 policiais envolvidos em atos que configuram crime militar. Tamb\u00e9m foi determinado que os PMs, envolvidos nos protestos, ser\u00e3o exclu\u00eddos da folha de pagamento deste m\u00eas pela Secretaria de Planejamento do Cear\u00e1. Ou seja, v\u00e3o ficar sem sal\u00e1rio. Os policiais que abandonarem o servi\u00e7o sofrer\u00e3o as mesmas san\u00e7\u00f5es. Policiais civis, que&hellip;<\/p>\n","protected":false},"author":1,"featured_media":15654,"comment_status":"open","ping_status":"open","sticky":false,"template":"","format":"standard","meta":{"footnotes":""},"categories":[1],"tags":[],"class_list":["post-15653","post","type-post","status-publish","format-standard","has-post-thumbnail","hentry","category-noticias"],"_links":{"self":[{"href":"https:\/\/blogdorogeriogomes.com.br\/noticias\/wp-json\/wp\/v2\/posts\/15653","targetHints":{"allow":["GET"]}}],"collection":[{"href":"https:\/\/blogdorogeriogomes.com.br\/noticias\/wp-json\/wp\/v2\/posts"}],"about":[{"href":"https:\/\/blogdorogeriogomes.com.br\/noticias\/wp-json\/wp\/v2\/types\/post"}],"author":[{"embeddable":true,"href":"https:\/\/blogdorogeriogomes.com.br\/noticias\/wp-json\/wp\/v2\/users\/1"}],"replies":[{"embeddable":true,"href":"https:\/\/blogdorogeriogomes.com.br\/noticias\/wp-json\/wp\/v2\/comments?post=15653"}],"version-history":[{"count":1,"href":"https:\/\/blogdorogeriogomes.com.br\/noticias\/wp-json\/wp\/v2\/posts\/15653\/revisions"}],"predecessor-version":[{"id":15655,"href":"https:\/\/blogdorogeriogomes.com.br\/noticias\/wp-json\/wp\/v2\/posts\/15653\/revisions\/15655"}],"wp:featuredmedia":[{"embeddable":true,"href":"https:\/\/blogdorogeriogomes.com.br\/noticias\/wp-json\/wp\/v2\/media\/15654"}],"wp:attachment":[{"href":"https:\/\/blogdorogeriogomes.com.br\/noticias\/wp-json\/wp\/v2\/media?parent=15653"}],"wp:term":[{"taxonomy":"category","embeddable":true,"href":"https:\/\/blogdorogeriogomes.com.br\/noticias\/wp-json\/wp\/v2\/categories?post=15653"},{"taxonomy":"post_tag","embeddable":true,"href":"https:\/\/blogdorogeriogomes.com.br\/noticias\/wp-json\/wp\/v2\/tags?post=15653"}],"curies":[{"name":"wp","href":"https:\/\/api.w.org\/{rel}","templated":true}]}}