{"id":15656,"date":"2020-02-19T09:35:10","date_gmt":"2020-02-19T09:35:10","guid":{"rendered":"http:\/\/blogdorogeriogomes.com.br\/?p=15656"},"modified":"2020-02-19T11:15:45","modified_gmt":"2020-02-19T11:15:45","slug":"estudo-da-fgv-aponta-aumento-da-pobreza-no-pais-diante-da-reducao-de-beneficiados-no-bolsa-familia","status":"publish","type":"post","link":"https:\/\/blogdorogeriogomes.com.br\/noticias\/2020\/02\/estudo-da-fgv-aponta-aumento-da-pobreza-no-pais-diante-da-reducao-de-beneficiados-no-bolsa-familia\/","title":{"rendered":"Estudo da FGV aponta aumento da pobreza no Pa\u00eds diante da redu\u00e7\u00e3o de beneficiados no Bolsa Fam\u00edlia"},"content":{"rendered":"\n<p>Estudo da Funda\u00e7\u00e3o Get\u00falio Vargas (FGV), divulgado nesta semana, aponta aumento da pobreza no Pa\u00eds diante da queda de fam\u00edlias assistidas pelo programa Bolsa Fam\u00edlia. Em cinco anos, o programa de transfer\u00eancia de renda criado em 2003 e que se consolidou como importante ferramenta de combate \u00e0 extrema pobreza e \u00e0 desigualdade, sofreu com desajustes e excluiu milhares de benefici\u00e1rios.<br>\nO ano de 2019 registrou o segundo menor n\u00famero de benefici\u00e1rios nos \u00faltimos oito anos: 13,1 milh\u00f5es de fam\u00edlias, segundo dados do Minist\u00e9rio da Cidadania. A FGV aponta que, ano passado, foram desligadas 900 mil pessoas do programa, acarretando o surgimento de uma fila m\u00e9dia anual de 500 mil pessoas que deveriam estar sendo atendidas.<\/p>\n\n\n\n<figure class=\"wp-block-gallery columns-1 is-cropped wp-block-gallery-1 is-layout-flex wp-block-gallery-is-layout-flex\"><ul class=\"blocks-gallery-grid\"><li class=\"blocks-gallery-item\"><figure><img loading=\"lazy\" decoding=\"async\" width=\"622\" height=\"415\" src=\"http:\/\/blogdorogeriogomes.com.br\/wp-content\/uploads\/2020\/02\/IMG_20200219_063322_612.jpg\" alt=\"\" data-id=\"15657\" data-full-url=\"http:\/\/blogdorogeriogomes.com.br\/wp-content\/uploads\/2020\/02\/IMG_20200219_063322_612.jpg\" data-link=\"http:\/\/blogdorogeriogomes.com.br\/?attachment_id=15657\" class=\"wp-image-15657\" srcset=\"https:\/\/blogdorogeriogomes.com.br\/noticias\/wp-content\/uploads\/2020\/02\/IMG_20200219_063322_612.jpg 622w, https:\/\/blogdorogeriogomes.com.br\/noticias\/wp-content\/uploads\/2020\/02\/IMG_20200219_063322_612-300x200.jpg 300w\" sizes=\"auto, (max-width: 622px) 100vw, 622px\" \/><\/figure><\/li><\/ul><\/figure>\n","protected":false},"excerpt":{"rendered":"<p>Estudo da Funda\u00e7\u00e3o Get\u00falio Vargas (FGV), divulgado nesta semana, aponta aumento da pobreza no Pa\u00eds diante da queda de fam\u00edlias assistidas pelo programa Bolsa Fam\u00edlia. Em cinco anos, o programa de transfer\u00eancia de renda criado em 2003 e que se consolidou como importante ferramenta de combate \u00e0 extrema pobreza e \u00e0 desigualdade, sofreu com desajustes e excluiu milhares de benefici\u00e1rios. O ano de 2019 registrou o segundo menor n\u00famero de benefici\u00e1rios nos \u00faltimos oito anos: 13,1 milh\u00f5es de fam\u00edlias,&hellip;<\/p>\n","protected":false},"author":1,"featured_media":15657,"comment_status":"open","ping_status":"open","sticky":false,"template":"","format":"standard","meta":{"footnotes":""},"categories":[1],"tags":[],"class_list":["post-15656","post","type-post","status-publish","format-standard","has-post-thumbnail","hentry","category-noticias"],"_links":{"self":[{"href":"https:\/\/blogdorogeriogomes.com.br\/noticias\/wp-json\/wp\/v2\/posts\/15656","targetHints":{"allow":["GET"]}}],"collection":[{"href":"https:\/\/blogdorogeriogomes.com.br\/noticias\/wp-json\/wp\/v2\/posts"}],"about":[{"href":"https:\/\/blogdorogeriogomes.com.br\/noticias\/wp-json\/wp\/v2\/types\/post"}],"author":[{"embeddable":true,"href":"https:\/\/blogdorogeriogomes.com.br\/noticias\/wp-json\/wp\/v2\/users\/1"}],"replies":[{"embeddable":true,"href":"https:\/\/blogdorogeriogomes.com.br\/noticias\/wp-json\/wp\/v2\/comments?post=15656"}],"version-history":[{"count":1,"href":"https:\/\/blogdorogeriogomes.com.br\/noticias\/wp-json\/wp\/v2\/posts\/15656\/revisions"}],"predecessor-version":[{"id":15658,"href":"https:\/\/blogdorogeriogomes.com.br\/noticias\/wp-json\/wp\/v2\/posts\/15656\/revisions\/15658"}],"wp:featuredmedia":[{"embeddable":true,"href":"https:\/\/blogdorogeriogomes.com.br\/noticias\/wp-json\/wp\/v2\/media\/15657"}],"wp:attachment":[{"href":"https:\/\/blogdorogeriogomes.com.br\/noticias\/wp-json\/wp\/v2\/media?parent=15656"}],"wp:term":[{"taxonomy":"category","embeddable":true,"href":"https:\/\/blogdorogeriogomes.com.br\/noticias\/wp-json\/wp\/v2\/categories?post=15656"},{"taxonomy":"post_tag","embeddable":true,"href":"https:\/\/blogdorogeriogomes.com.br\/noticias\/wp-json\/wp\/v2\/tags?post=15656"}],"curies":[{"name":"wp","href":"https:\/\/api.w.org\/{rel}","templated":true}]}}