{"id":15659,"date":"2020-02-19T09:58:58","date_gmt":"2020-02-19T09:58:58","guid":{"rendered":"http:\/\/blogdorogeriogomes.com.br\/?p=15659"},"modified":"2020-02-19T11:15:30","modified_gmt":"2020-02-19T11:15:30","slug":"ofensas-de-bolsonaro-contra-jornalista-da-folha-repercute-no-meio-politico-relacionamento-com-a-imprensa-so-piora","status":"publish","type":"post","link":"https:\/\/blogdorogeriogomes.com.br\/noticias\/2020\/02\/ofensas-de-bolsonaro-contra-jornalista-da-folha-repercute-no-meio-politico-relacionamento-com-a-imprensa-so-piora\/","title":{"rendered":"Ofensas de Bolsonaro contra jornalista da Folha repercutem no meio pol\u00edtico. Relacionamento com a imprensa s\u00f3 piora"},"content":{"rendered":"\n<p>As ofensas desferidas pelo presidente Jair Bolsonaro, nesta ter\u00e7a-feira, dia 18 de fevereiro, contra a jornalista Patr\u00edcia Campos Mello, do jornal Folha de S.Paulo, foram repudiadas por pol\u00edticos de v\u00e1rios partidos, associa\u00e7\u00f5es de imprensa, OAB e at\u00e9 entidades internacionais. Apesar de ocupar o cargo mais alto do Pa\u00eds, Bolsonaro n\u00e3o quer dar explica\u00e7\u00f5es sobre suspeitas contra o seu mandato e prefere responder \u00e0 imprensa com &#8220;bananas&#8221;. O mais incr\u00edvel \u00e9 que ainda h\u00e1 pessoas que aplaudam isso.<br>\nNo caso da jornalista da Folha, que acompanha o caso do envio de &#8220;Fake News&#8221; no processo eleitoral, Bolsonaro disparou, em frente ao Pal\u00e1cio da Alvorada, que a rep\u00f3rter &#8220;queria dar o furo a qualquer pre\u00e7o contra mim&#8221;. Uma insinua\u00e7\u00e3o sexual sem prop\u00f3sito para uma plat\u00e9ia que riu, como se a agress\u00e3o fosse engra\u00e7ada.<br>\nO ataque foi feito ap\u00f3s um ex-funcion\u00e1rio de uma ag\u00eancia de disparos de mensagens em massa por WhatsApp dizer, sem apresentar qualquer prova, que a jornalista teria tentado &#8220;se insinuar&#8221; sexualmente para ele em busca de informa\u00e7\u00f5es.<br>\nO fato \u00e9 que Bolsonaro precisa reduzir as agress\u00f5es aos jornalistas e cuidar mais da pr\u00f3pria equipe. Nesta ter\u00e7a-feira, ele teve de &#8220;apagar um inc\u00eandio&#8221; com o ministro da Fazenda, Paulo Guedes, que amea\u00e7ava entregar o cargo. Se reuniu a portas fechadas no Pal\u00e1cio do Planalto e convenceu Guedes, n\u00e3o se sabe at\u00e9 quando, a continuar tocando a sua agenda liberal na economia.<\/p>\n\n\n\n<figure class=\"wp-block-gallery columns-1 is-cropped wp-block-gallery-1 is-layout-flex wp-block-gallery-is-layout-flex\"><ul class=\"blocks-gallery-grid\"><li class=\"blocks-gallery-item\"><figure><img loading=\"lazy\" decoding=\"async\" width=\"560\" height=\"384\" src=\"http:\/\/blogdorogeriogomes.com.br\/wp-content\/uploads\/2020\/02\/IMG_20200219_065509_713.jpg\" alt=\"\" data-id=\"15660\" data-full-url=\"http:\/\/blogdorogeriogomes.com.br\/wp-content\/uploads\/2020\/02\/IMG_20200219_065509_713.jpg\" data-link=\"http:\/\/blogdorogeriogomes.com.br\/?attachment_id=15660\" class=\"wp-image-15660\" srcset=\"https:\/\/blogdorogeriogomes.com.br\/noticias\/wp-content\/uploads\/2020\/02\/IMG_20200219_065509_713.jpg 560w, https:\/\/blogdorogeriogomes.com.br\/noticias\/wp-content\/uploads\/2020\/02\/IMG_20200219_065509_713-300x206.jpg 300w\" sizes=\"auto, (max-width: 560px) 100vw, 560px\" \/><\/figure><\/li><\/ul><\/figure>\n","protected":false},"excerpt":{"rendered":"<p>As ofensas desferidas pelo presidente Jair Bolsonaro, nesta ter\u00e7a-feira, dia 18 de fevereiro, contra a jornalista Patr\u00edcia Campos Mello, do jornal Folha de S.Paulo, foram repudiadas por pol\u00edticos de v\u00e1rios partidos, associa\u00e7\u00f5es de imprensa, OAB e at\u00e9 entidades internacionais. Apesar de ocupar o cargo mais alto do Pa\u00eds, Bolsonaro n\u00e3o quer dar explica\u00e7\u00f5es sobre suspeitas contra o seu mandato e prefere responder \u00e0 imprensa com &#8220;bananas&#8221;. O mais incr\u00edvel \u00e9 que ainda h\u00e1 pessoas que aplaudam isso. No caso&hellip;<\/p>\n","protected":false},"author":1,"featured_media":15660,"comment_status":"open","ping_status":"open","sticky":false,"template":"","format":"standard","meta":{"footnotes":""},"categories":[1],"tags":[],"class_list":["post-15659","post","type-post","status-publish","format-standard","has-post-thumbnail","hentry","category-noticias"],"_links":{"self":[{"href":"https:\/\/blogdorogeriogomes.com.br\/noticias\/wp-json\/wp\/v2\/posts\/15659","targetHints":{"allow":["GET"]}}],"collection":[{"href":"https:\/\/blogdorogeriogomes.com.br\/noticias\/wp-json\/wp\/v2\/posts"}],"about":[{"href":"https:\/\/blogdorogeriogomes.com.br\/noticias\/wp-json\/wp\/v2\/types\/post"}],"author":[{"embeddable":true,"href":"https:\/\/blogdorogeriogomes.com.br\/noticias\/wp-json\/wp\/v2\/users\/1"}],"replies":[{"embeddable":true,"href":"https:\/\/blogdorogeriogomes.com.br\/noticias\/wp-json\/wp\/v2\/comments?post=15659"}],"version-history":[{"count":2,"href":"https:\/\/blogdorogeriogomes.com.br\/noticias\/wp-json\/wp\/v2\/posts\/15659\/revisions"}],"predecessor-version":[{"id":15663,"href":"https:\/\/blogdorogeriogomes.com.br\/noticias\/wp-json\/wp\/v2\/posts\/15659\/revisions\/15663"}],"wp:featuredmedia":[{"embeddable":true,"href":"https:\/\/blogdorogeriogomes.com.br\/noticias\/wp-json\/wp\/v2\/media\/15660"}],"wp:attachment":[{"href":"https:\/\/blogdorogeriogomes.com.br\/noticias\/wp-json\/wp\/v2\/media?parent=15659"}],"wp:term":[{"taxonomy":"category","embeddable":true,"href":"https:\/\/blogdorogeriogomes.com.br\/noticias\/wp-json\/wp\/v2\/categories?post=15659"},{"taxonomy":"post_tag","embeddable":true,"href":"https:\/\/blogdorogeriogomes.com.br\/noticias\/wp-json\/wp\/v2\/tags?post=15659"}],"curies":[{"name":"wp","href":"https:\/\/api.w.org\/{rel}","templated":true}]}}