{"id":15664,"date":"2020-02-19T15:08:51","date_gmt":"2020-02-19T15:08:51","guid":{"rendered":"http:\/\/blogdorogeriogomes.com.br\/?p=15664"},"modified":"2020-02-19T16:39:45","modified_gmt":"2020-02-19T16:39:45","slug":"secretario-andre-costa-diz-que-261-pms-estao-sob-investigacao-por-motim-e-ameacados-de-demissao","status":"publish","type":"post","link":"https:\/\/blogdorogeriogomes.com.br\/noticias\/2020\/02\/secretario-andre-costa-diz-que-261-pms-estao-sob-investigacao-por-motim-e-ameacados-de-demissao\/","title":{"rendered":"Secret\u00e1rio Andr\u00e9 Costa diz que 261 PMs est\u00e3o sob investiga\u00e7\u00e3o por motim e amea\u00e7ados de demiss\u00e3o"},"content":{"rendered":"\n<p>O secret\u00e1rio de Seguran\u00e7a P\u00fablica e Defesa Social do Cear\u00e1, Andr\u00e9 Costa, declarou durante coletiva de imprensa, no fim da manh\u00e3, desta quarta-feira, dia 19 de fevereiro, que 261 policiais militares est\u00e3o sob investiga\u00e7\u00e3o sobre participa\u00e7\u00e3o em movimento de paralisa\u00e7\u00e3o da corpora\u00e7\u00e3o. &#8220;Todos eles est\u00e3o amea\u00e7ados de demiss\u00e3o por motim, revolta e insubordina\u00e7\u00e3o. Tamb\u00e9m j\u00e1 est\u00e3o sendo retirados da folha de pagamento do Estado&#8221;, destacou Andr\u00e9 Costa.<br>\nO secret\u00e1rio da SSPDS reconhece que h\u00e1 grupos de policiais paralisados em Fortaleza, Regi\u00e3o Metropolitana e munic\u00edpios do interior do Estado, mas ressalta que o Governo est\u00e1 empreendendo esfor\u00e7os para n\u00e3o faltar policiamento nas ruas com uso da Pol\u00edcia Civil e tamb\u00e9m de oficiais e PMs que n\u00e3o aderiram ao movimento. N\u00e3o est\u00e1 descartado o pedido de apoio de for\u00e7as federais para o Cear\u00e1, caso a paralisa\u00e7\u00e3o dos policiais ganhe mais for\u00e7a. &#8220;N\u00e3o iremos recuar. Tudo o que foi acertado na mesa de negocia\u00e7\u00e3o com as lideran\u00e7as das associa\u00e7\u00f5es ser\u00e1 cumprido. Agora, cabe apenas a Assembleia Legislativa aprovar o projeto enviado pelo Governo&#8221;, acrescentou Andr\u00e9 Costa.<\/p>\n\n\n\n<figure class=\"wp-block-gallery columns-1 is-cropped wp-block-gallery-1 is-layout-flex wp-block-gallery-is-layout-flex\"><ul class=\"blocks-gallery-grid\"><li class=\"blocks-gallery-item\"><figure><img loading=\"lazy\" decoding=\"async\" width=\"615\" height=\"452\" src=\"http:\/\/blogdorogeriogomes.com.br\/wp-content\/uploads\/2020\/02\/IMG_20200219_120336_896.jpg\" alt=\"\" data-id=\"15665\" data-full-url=\"http:\/\/blogdorogeriogomes.com.br\/wp-content\/uploads\/2020\/02\/IMG_20200219_120336_896.jpg\" data-link=\"http:\/\/blogdorogeriogomes.com.br\/?attachment_id=15665\" class=\"wp-image-15665\" srcset=\"https:\/\/blogdorogeriogomes.com.br\/noticias\/wp-content\/uploads\/2020\/02\/IMG_20200219_120336_896.jpg 615w, https:\/\/blogdorogeriogomes.com.br\/noticias\/wp-content\/uploads\/2020\/02\/IMG_20200219_120336_896-300x220.jpg 300w\" sizes=\"auto, (max-width: 615px) 100vw, 615px\" \/><\/figure><\/li><\/ul><\/figure>\n","protected":false},"excerpt":{"rendered":"<p>O secret\u00e1rio de Seguran\u00e7a P\u00fablica e Defesa Social do Cear\u00e1, Andr\u00e9 Costa, declarou durante coletiva de imprensa, no fim da manh\u00e3, desta quarta-feira, dia 19 de fevereiro, que 261 policiais militares est\u00e3o sob investiga\u00e7\u00e3o sobre participa\u00e7\u00e3o em movimento de paralisa\u00e7\u00e3o da corpora\u00e7\u00e3o. &#8220;Todos eles est\u00e3o amea\u00e7ados de demiss\u00e3o por motim, revolta e insubordina\u00e7\u00e3o. Tamb\u00e9m j\u00e1 est\u00e3o sendo retirados da folha de pagamento do Estado&#8221;, destacou Andr\u00e9 Costa. O secret\u00e1rio da SSPDS reconhece que h\u00e1 grupos de policiais paralisados em&hellip;<\/p>\n","protected":false},"author":1,"featured_media":15665,"comment_status":"open","ping_status":"open","sticky":false,"template":"","format":"standard","meta":{"footnotes":""},"categories":[1],"tags":[],"class_list":["post-15664","post","type-post","status-publish","format-standard","has-post-thumbnail","hentry","category-noticias"],"_links":{"self":[{"href":"https:\/\/blogdorogeriogomes.com.br\/noticias\/wp-json\/wp\/v2\/posts\/15664","targetHints":{"allow":["GET"]}}],"collection":[{"href":"https:\/\/blogdorogeriogomes.com.br\/noticias\/wp-json\/wp\/v2\/posts"}],"about":[{"href":"https:\/\/blogdorogeriogomes.com.br\/noticias\/wp-json\/wp\/v2\/types\/post"}],"author":[{"embeddable":true,"href":"https:\/\/blogdorogeriogomes.com.br\/noticias\/wp-json\/wp\/v2\/users\/1"}],"replies":[{"embeddable":true,"href":"https:\/\/blogdorogeriogomes.com.br\/noticias\/wp-json\/wp\/v2\/comments?post=15664"}],"version-history":[{"count":1,"href":"https:\/\/blogdorogeriogomes.com.br\/noticias\/wp-json\/wp\/v2\/posts\/15664\/revisions"}],"predecessor-version":[{"id":15666,"href":"https:\/\/blogdorogeriogomes.com.br\/noticias\/wp-json\/wp\/v2\/posts\/15664\/revisions\/15666"}],"wp:featuredmedia":[{"embeddable":true,"href":"https:\/\/blogdorogeriogomes.com.br\/noticias\/wp-json\/wp\/v2\/media\/15665"}],"wp:attachment":[{"href":"https:\/\/blogdorogeriogomes.com.br\/noticias\/wp-json\/wp\/v2\/media?parent=15664"}],"wp:term":[{"taxonomy":"category","embeddable":true,"href":"https:\/\/blogdorogeriogomes.com.br\/noticias\/wp-json\/wp\/v2\/categories?post=15664"},{"taxonomy":"post_tag","embeddable":true,"href":"https:\/\/blogdorogeriogomes.com.br\/noticias\/wp-json\/wp\/v2\/tags?post=15664"}],"curies":[{"name":"wp","href":"https:\/\/api.w.org\/{rel}","templated":true}]}}