{"id":15673,"date":"2020-02-20T00:10:58","date_gmt":"2020-02-20T00:10:58","guid":{"rendered":"http:\/\/blogdorogeriogomes.com.br\/?p=15673"},"modified":"2020-02-21T13:52:41","modified_gmt":"2020-02-21T13:52:41","slug":"primeira-equipe-da-forca-nacional-de-seguranca-chega-ao-ceara-nesta-quinta-feira","status":"publish","type":"post","link":"https:\/\/blogdorogeriogomes.com.br\/noticias\/2020\/02\/primeira-equipe-da-forca-nacional-de-seguranca-chega-ao-ceara-nesta-quinta-feira\/","title":{"rendered":"Primeira equipe da For\u00e7a Nacional de Seguran\u00e7a chega ao Cear\u00e1 nesta quinta-feira"},"content":{"rendered":"\n<p>O governador Camilo Santana confirmou o pedido de for\u00e7as federais para o Cear\u00e1 diante da paralisa\u00e7\u00e3o de grupos de policiais em Fortaleza, Regi\u00e3o Metropolitana e cidades do interior do Estado. O pedido foi formalizado ao Ministro da Justi\u00e7a, Sergio Moro. A primeira equipe da For\u00e7a Nacional de Seguran\u00e7a j\u00e1 deve chegar a Fortaleza, nesta quinta-feira, dia 20 de fevereiro.<br> Diante dos tiros disparados contra o senador licenciado Cid Gomes (PDT), em Sobral, por manifestantes amotinados em um quartel do munic\u00edpio da Zona Norte, j\u00e1 foram enviados refor\u00e7os da Pol\u00edcia Federal e da Pol\u00edcia Rodovi\u00e1ria Federal para garantir a seguran\u00e7a do parlamentar e dar mais tranquilidade \u00e0 popula\u00e7\u00e3o da cidade.<br> Camilo Santana ressaltou no fim da tarde desta quarta-feira, dia 19 de fevereiro, que os autores do atentado a Cid Gomes n\u00e3o ficar\u00e3o impunes. &#8220;Inaceit\u00e1vel a extrema viol\u00eancia sofrida pelo senador Cid Gomes, atingido por dois tiros, hoje, em Sobral. Viol\u00eancia provocada por um grupo de policiais mascarados, amotinados num quartel. Esses crimes n\u00e3o ficar\u00e3o impunes! N\u00e3o mediremos esfor\u00e7os para restabelecer a ordem e garantir a paz da popula\u00e7\u00e3o cearense&#8221;, disse Camilo em nota \u00e0 imprensa.<\/p>\n\n\n\n<figure class=\"wp-block-image size-large\"><img loading=\"lazy\" decoding=\"async\" width=\"512\" height=\"341\" src=\"http:\/\/blogdorogeriogomes.com.br\/wp-content\/uploads\/2020\/02\/unnamed.jpg\" alt=\"\" class=\"wp-image-15674\" srcset=\"https:\/\/blogdorogeriogomes.com.br\/noticias\/wp-content\/uploads\/2020\/02\/unnamed.jpg 512w, https:\/\/blogdorogeriogomes.com.br\/noticias\/wp-content\/uploads\/2020\/02\/unnamed-300x200.jpg 300w\" sizes=\"auto, (max-width: 512px) 100vw, 512px\" \/><\/figure>\n","protected":false},"excerpt":{"rendered":"<p>O governador Camilo Santana confirmou o pedido de for\u00e7as federais para o Cear\u00e1 diante da paralisa\u00e7\u00e3o de grupos de policiais em Fortaleza, Regi\u00e3o Metropolitana e cidades do interior do Estado. O pedido foi formalizado ao Ministro da Justi\u00e7a, Sergio Moro. A primeira equipe da For\u00e7a Nacional de Seguran\u00e7a j\u00e1 deve chegar a Fortaleza, nesta quinta-feira, dia 20 de fevereiro. Diante dos tiros disparados contra o senador licenciado Cid Gomes (PDT), em Sobral, por manifestantes amotinados em um quartel do&hellip;<\/p>\n","protected":false},"author":1,"featured_media":15674,"comment_status":"open","ping_status":"open","sticky":false,"template":"","format":"standard","meta":{"footnotes":""},"categories":[1],"tags":[],"class_list":["post-15673","post","type-post","status-publish","format-standard","has-post-thumbnail","hentry","category-noticias"],"_links":{"self":[{"href":"https:\/\/blogdorogeriogomes.com.br\/noticias\/wp-json\/wp\/v2\/posts\/15673","targetHints":{"allow":["GET"]}}],"collection":[{"href":"https:\/\/blogdorogeriogomes.com.br\/noticias\/wp-json\/wp\/v2\/posts"}],"about":[{"href":"https:\/\/blogdorogeriogomes.com.br\/noticias\/wp-json\/wp\/v2\/types\/post"}],"author":[{"embeddable":true,"href":"https:\/\/blogdorogeriogomes.com.br\/noticias\/wp-json\/wp\/v2\/users\/1"}],"replies":[{"embeddable":true,"href":"https:\/\/blogdorogeriogomes.com.br\/noticias\/wp-json\/wp\/v2\/comments?post=15673"}],"version-history":[{"count":1,"href":"https:\/\/blogdorogeriogomes.com.br\/noticias\/wp-json\/wp\/v2\/posts\/15673\/revisions"}],"predecessor-version":[{"id":15675,"href":"https:\/\/blogdorogeriogomes.com.br\/noticias\/wp-json\/wp\/v2\/posts\/15673\/revisions\/15675"}],"wp:featuredmedia":[{"embeddable":true,"href":"https:\/\/blogdorogeriogomes.com.br\/noticias\/wp-json\/wp\/v2\/media\/15674"}],"wp:attachment":[{"href":"https:\/\/blogdorogeriogomes.com.br\/noticias\/wp-json\/wp\/v2\/media?parent=15673"}],"wp:term":[{"taxonomy":"category","embeddable":true,"href":"https:\/\/blogdorogeriogomes.com.br\/noticias\/wp-json\/wp\/v2\/categories?post=15673"},{"taxonomy":"post_tag","embeddable":true,"href":"https:\/\/blogdorogeriogomes.com.br\/noticias\/wp-json\/wp\/v2\/tags?post=15673"}],"curies":[{"name":"wp","href":"https:\/\/api.w.org\/{rel}","templated":true}]}}