{"id":15676,"date":"2020-02-20T10:00:28","date_gmt":"2020-02-20T10:00:28","guid":{"rendered":"http:\/\/blogdorogeriogomes.com.br\/?p=15676"},"modified":"2020-02-21T13:54:10","modified_gmt":"2020-02-21T13:54:10","slug":"batalhao-da-pm-em-sobral-e-retomado-por-policiais-que-nao-aderiram-a-greve","status":"publish","type":"post","link":"https:\/\/blogdorogeriogomes.com.br\/noticias\/2020\/02\/batalhao-da-pm-em-sobral-e-retomado-por-policiais-que-nao-aderiram-a-greve\/","title":{"rendered":"Batalh\u00e3o da PM em Sobral \u00e9 retomado por policiais que n\u00e3o aderiram \u00e0 greve"},"content":{"rendered":"\n<p>Ap\u00f3s o atentado contro o senador licenciado Cid Gomes, manifestantes encapuzados que ocupavam o 3\u00ba Batalh\u00e3o de Pol\u00edcia Militar (3\u00ba BPM), em Sobral, decidiram abandonar o local. Policiais militares do CPChoque e do Cotar, que n\u00e3o aderiram a greve, retomaram o quartel. <br>\nCid Gomes est\u00e1 com quadro de sa\u00fade est\u00e1vel, foi submetido a exames e n\u00e3o h\u00e1 risco de morte. Est\u00e1 internado em observa\u00e7\u00e3o no Hospital de Cora\u00e7\u00e3o de Sobral, mas dever\u00e1 ser transferido para o Hospital Monte Klinikum, em Fortaleza.<br>\nA Pol\u00edcia Civil abriu inqu\u00e9rito para apurar o ocorrido nesta quarta-feira, dia 19 de fevereiro, em Sobral. A Pol\u00edcia Federal tamb\u00e9m vai investigar responsabilidades no caso. J\u00e1 h\u00e1 uma equipe da PF na cidade da Zona Norte.<br>\nO atentado contra o senador licenciado teve repercuss\u00e3o na imprensa internacional. V\u00eddeos da ocorr\u00eancia circulam as redes sociais e v\u00e3o ajudar a Pol\u00edcia na identifica\u00e7\u00e3o de quem realizou os disparos.<br>\nO deputado federal Capit\u00e3o Wagner Souza disse que os manifestantes agiram em &#8220;leg\u00edtima defesa&#8221; e que pretende fazer um B.O. contra Cid Gomes. Ele tentou se reunir com o governador Camilo Santana, na noite desta quarta-feira, no Pal\u00e1cio da Aboli\u00e7\u00e3o, mas n\u00e3o foi recebido.<\/p>\n\n\n\n<figure class=\"wp-block-gallery columns-1 is-cropped wp-block-gallery-1 is-layout-flex wp-block-gallery-is-layout-flex\"><ul class=\"blocks-gallery-grid\"><li class=\"blocks-gallery-item\"><figure><img loading=\"lazy\" decoding=\"async\" width=\"750\" height=\"498\" src=\"http:\/\/blogdorogeriogomes.com.br\/wp-content\/uploads\/2020\/02\/IMG_20200220_064301_557.jpg\" alt=\"\" data-id=\"15677\" data-full-url=\"http:\/\/blogdorogeriogomes.com.br\/wp-content\/uploads\/2020\/02\/IMG_20200220_064301_557.jpg\" data-link=\"http:\/\/blogdorogeriogomes.com.br\/?attachment_id=15677\" class=\"wp-image-15677\" srcset=\"https:\/\/blogdorogeriogomes.com.br\/noticias\/wp-content\/uploads\/2020\/02\/IMG_20200220_064301_557.jpg 750w, https:\/\/blogdorogeriogomes.com.br\/noticias\/wp-content\/uploads\/2020\/02\/IMG_20200220_064301_557-300x199.jpg 300w\" sizes=\"auto, (max-width: 750px) 100vw, 750px\" \/><\/figure><\/li><\/ul><\/figure>\n","protected":false},"excerpt":{"rendered":"<p>Ap\u00f3s o atentado contro o senador licenciado Cid Gomes, manifestantes encapuzados que ocupavam o 3\u00ba Batalh\u00e3o de Pol\u00edcia Militar (3\u00ba BPM), em Sobral, decidiram abandonar o local. Policiais militares do CPChoque e do Cotar, que n\u00e3o aderiram a greve, retomaram o quartel. Cid Gomes est\u00e1 com quadro de sa\u00fade est\u00e1vel, foi submetido a exames e n\u00e3o h\u00e1 risco de morte. Est\u00e1 internado em observa\u00e7\u00e3o no Hospital de Cora\u00e7\u00e3o de Sobral, mas dever\u00e1 ser transferido para o Hospital Monte Klinikum,&hellip;<\/p>\n","protected":false},"author":1,"featured_media":15677,"comment_status":"open","ping_status":"open","sticky":false,"template":"","format":"standard","meta":{"footnotes":""},"categories":[1],"tags":[],"class_list":["post-15676","post","type-post","status-publish","format-standard","has-post-thumbnail","hentry","category-noticias"],"_links":{"self":[{"href":"https:\/\/blogdorogeriogomes.com.br\/noticias\/wp-json\/wp\/v2\/posts\/15676","targetHints":{"allow":["GET"]}}],"collection":[{"href":"https:\/\/blogdorogeriogomes.com.br\/noticias\/wp-json\/wp\/v2\/posts"}],"about":[{"href":"https:\/\/blogdorogeriogomes.com.br\/noticias\/wp-json\/wp\/v2\/types\/post"}],"author":[{"embeddable":true,"href":"https:\/\/blogdorogeriogomes.com.br\/noticias\/wp-json\/wp\/v2\/users\/1"}],"replies":[{"embeddable":true,"href":"https:\/\/blogdorogeriogomes.com.br\/noticias\/wp-json\/wp\/v2\/comments?post=15676"}],"version-history":[{"count":1,"href":"https:\/\/blogdorogeriogomes.com.br\/noticias\/wp-json\/wp\/v2\/posts\/15676\/revisions"}],"predecessor-version":[{"id":15678,"href":"https:\/\/blogdorogeriogomes.com.br\/noticias\/wp-json\/wp\/v2\/posts\/15676\/revisions\/15678"}],"wp:featuredmedia":[{"embeddable":true,"href":"https:\/\/blogdorogeriogomes.com.br\/noticias\/wp-json\/wp\/v2\/media\/15677"}],"wp:attachment":[{"href":"https:\/\/blogdorogeriogomes.com.br\/noticias\/wp-json\/wp\/v2\/media?parent=15676"}],"wp:term":[{"taxonomy":"category","embeddable":true,"href":"https:\/\/blogdorogeriogomes.com.br\/noticias\/wp-json\/wp\/v2\/categories?post=15676"},{"taxonomy":"post_tag","embeddable":true,"href":"https:\/\/blogdorogeriogomes.com.br\/noticias\/wp-json\/wp\/v2\/tags?post=15676"}],"curies":[{"name":"wp","href":"https:\/\/api.w.org\/{rel}","templated":true}]}}