{"id":15679,"date":"2020-02-20T10:30:51","date_gmt":"2020-02-20T10:30:51","guid":{"rendered":"http:\/\/blogdorogeriogomes.com.br\/?p=15679"},"modified":"2020-02-21T13:51:48","modified_gmt":"2020-02-21T13:51:48","slug":"petrobras-confirma-reajuste-da-gasolina-nas-refinarias-a-partir-desta-quinta-feira","status":"publish","type":"post","link":"https:\/\/blogdorogeriogomes.com.br\/noticias\/2020\/02\/petrobras-confirma-reajuste-da-gasolina-nas-refinarias-a-partir-desta-quinta-feira\/","title":{"rendered":"Petrobras confirma reajuste da gasolina nas refinarias a partir desta quinta-feira"},"content":{"rendered":"\n<p>Se j\u00e1 n\u00e3o bastassem os efeitos da greve dos petroleiros e da alta do d\u00f3lar, o motorista brasileiro recebeu mais uma not\u00edcia ruim. A Petrobras confirmou aos seus clientes&nbsp;o reajuste do pre\u00e7o da gasolina. O combust\u00edvel vai ficar 3% mais caro em suas refinarias a partir desta quinta-feira, dia 20 de fevereiro. Ainda n\u00e3o foram revistos os pre\u00e7os do \u00f3leo diesel. O reajuste acompanha as altas do c\u00e2mbio e da commodity no mercado internacional.<\/p>\n\n\n\n<figure class=\"wp-block-gallery columns-1 is-cropped wp-block-gallery-1 is-layout-flex wp-block-gallery-is-layout-flex\"><ul class=\"blocks-gallery-grid\"><li class=\"blocks-gallery-item\"><figure><img loading=\"lazy\" decoding=\"async\" width=\"607\" height=\"416\" src=\"http:\/\/blogdorogeriogomes.com.br\/wp-content\/uploads\/2020\/02\/IMG_20200220_072526_543.jpg\" alt=\"\" data-id=\"15680\" data-full-url=\"http:\/\/blogdorogeriogomes.com.br\/wp-content\/uploads\/2020\/02\/IMG_20200220_072526_543.jpg\" data-link=\"http:\/\/blogdorogeriogomes.com.br\/?attachment_id=15680\" class=\"wp-image-15680\" srcset=\"https:\/\/blogdorogeriogomes.com.br\/noticias\/wp-content\/uploads\/2020\/02\/IMG_20200220_072526_543.jpg 607w, https:\/\/blogdorogeriogomes.com.br\/noticias\/wp-content\/uploads\/2020\/02\/IMG_20200220_072526_543-300x206.jpg 300w\" sizes=\"auto, (max-width: 607px) 100vw, 607px\" \/><\/figure><\/li><\/ul><\/figure>\n","protected":false},"excerpt":{"rendered":"<p>Se j\u00e1 n\u00e3o bastassem os efeitos da greve dos petroleiros e da alta do d\u00f3lar, o motorista brasileiro recebeu mais uma not\u00edcia ruim. A Petrobras confirmou aos seus clientes&nbsp;o reajuste do pre\u00e7o da gasolina. O combust\u00edvel vai ficar 3% mais caro em suas refinarias a partir desta quinta-feira, dia 20 de fevereiro. Ainda n\u00e3o foram revistos os pre\u00e7os do \u00f3leo diesel. O reajuste acompanha as altas do c\u00e2mbio e da commodity no mercado internacional.<\/p>\n","protected":false},"author":1,"featured_media":15680,"comment_status":"open","ping_status":"open","sticky":false,"template":"","format":"standard","meta":{"footnotes":""},"categories":[1],"tags":[],"class_list":["post-15679","post","type-post","status-publish","format-standard","has-post-thumbnail","hentry","category-noticias"],"_links":{"self":[{"href":"https:\/\/blogdorogeriogomes.com.br\/noticias\/wp-json\/wp\/v2\/posts\/15679","targetHints":{"allow":["GET"]}}],"collection":[{"href":"https:\/\/blogdorogeriogomes.com.br\/noticias\/wp-json\/wp\/v2\/posts"}],"about":[{"href":"https:\/\/blogdorogeriogomes.com.br\/noticias\/wp-json\/wp\/v2\/types\/post"}],"author":[{"embeddable":true,"href":"https:\/\/blogdorogeriogomes.com.br\/noticias\/wp-json\/wp\/v2\/users\/1"}],"replies":[{"embeddable":true,"href":"https:\/\/blogdorogeriogomes.com.br\/noticias\/wp-json\/wp\/v2\/comments?post=15679"}],"version-history":[{"count":2,"href":"https:\/\/blogdorogeriogomes.com.br\/noticias\/wp-json\/wp\/v2\/posts\/15679\/revisions"}],"predecessor-version":[{"id":15694,"href":"https:\/\/blogdorogeriogomes.com.br\/noticias\/wp-json\/wp\/v2\/posts\/15679\/revisions\/15694"}],"wp:featuredmedia":[{"embeddable":true,"href":"https:\/\/blogdorogeriogomes.com.br\/noticias\/wp-json\/wp\/v2\/media\/15680"}],"wp:attachment":[{"href":"https:\/\/blogdorogeriogomes.com.br\/noticias\/wp-json\/wp\/v2\/media?parent=15679"}],"wp:term":[{"taxonomy":"category","embeddable":true,"href":"https:\/\/blogdorogeriogomes.com.br\/noticias\/wp-json\/wp\/v2\/categories?post=15679"},{"taxonomy":"post_tag","embeddable":true,"href":"https:\/\/blogdorogeriogomes.com.br\/noticias\/wp-json\/wp\/v2\/tags?post=15679"}],"curies":[{"name":"wp","href":"https:\/\/api.w.org\/{rel}","templated":true}]}}